{"id":1129,"date":"2024-03-14T11:41:34","date_gmt":"2024-03-14T14:41:34","guid":{"rendered":"https:\/\/enlamira.info\/?p=1129"},"modified":"2024-03-14T11:45:42","modified_gmt":"2024-03-14T14:45:42","slug":"el-gobierno-confirmo-que-enviara-a-la-oposicion-un-borrador-con-la-nueva-ley-omnibus","status":"publish","type":"post","link":"https:\/\/enlamira.info\/index.php\/2024\/03\/14\/el-gobierno-confirmo-que-enviara-a-la-oposicion-un-borrador-con-la-nueva-ley-omnibus\/","title":{"rendered":"El Gobierno confirm\u00f3 que enviar\u00e1 a la oposici\u00f3n un borrador con la nueva Ley \u00d3mnibus"},"content":{"rendered":"\n<p>La propuesta contempla temas en disputa como Ganancias, reforma laboral y la nueva f\u00f3rmula jubilatoria entre otros. Se espera que los gobernadores apoyen la iniciativa de cara la \u201cPacto de Mayo\u201d.<\/p>\n\n\n\n<p>Tras la ca\u00edda de la sesi\u00f3n en\u00a0Diputados\u00a0para tratar un proyecto de reforma previsional apoyado por el bloque\u00a0Hacemos Coalici\u00f3n Federal, que encabeza\u00a0Miguel \u00c1ngel Pichetto, el oficialismo confirm\u00f3 que enviar\u00e1 en las pr\u00f3ximas horas un borrador con la nueva\u00a0Ley \u00d3mnibus\u00a0para lograr conciliar su tratamiento en el Congreso.<\/p>\n\n\n\n<p>As\u00ed lo indic\u00f3 el gobernador de\u00a0Mendoza, Alfredo Cornejo, quien se reuni\u00f3 con el ministro del Interior,\u00a0Guillermo Francos\u00a0y adelant\u00f3 que\u00a0el espacio\u00a0pol\u00edtico que conduce\u00a0Javier Milei\u00a0ya trabaja en una propuesta reversionada de la iniciativa legislativa.<\/p>\n\n\n\n<p>\u201cTengo entendido que va a haber un borrador en el d\u00eda de ma\u00f1ana, o pasado, y que nos lo van a girar a los 24 gobernadores, a los diputados y a los senadores. Un borrador ma\u00f1ana o pasado, eso es lo que el ministro me coment\u00f3. Por ahora no hay precisiones al respecto\u201d, expres\u00f3 este mediod\u00eda el mandatario mendocino.<\/p>\n\n\n\n<p>Sobre su reuni\u00f3n en\u00a0Casa Rosada, el l\u00edder provincial sostuvo: \u201cRepasamos los temas, pero no hay precisiones porque todav\u00eda el ministro del Interior no tiene\u00a0el proyecto\u00a0de ley que va a mandar al\u00a0Congreso\u00a0ni sobre el\u00a0Pacto del 25 de Mayo\u00a0aparte de los puntos que ya anunciaron\u201d.<\/p>\n\n\n\n<p>\u201cEl Ministro no dijo si iba a sumar la reforma laboral en la ley, tampoco lo hablamos. Pero\u00a0la relaci\u00f3n laboral tambi\u00e9n debe pasar por el Congreso. Si queremos crecer sostenidamente no se logra s\u00f3lo con equilibrio fiscal, sino que tambi\u00e9n hay que hacer reformas que sean aprobadas en el Congreso\u201d, detall\u00f3 Cornejo.<\/p>\n\n\n\n<p>Adem\u00e1s, se mostr\u00f3 en favor de la reincorporaci\u00f3n de la cuarta categor\u00eda del\u00a0Impuesto a las Ganancias, \u201cLa mayor\u00eda de las provincias creemos que debe restablecerse. Es progresivo, no de los que gravan al consumo o la actividad econ\u00f3mica, y la mayor\u00eda de los pa\u00edses del mundo lo tienen\u201d,\u00a0<a href=\"https:\/\/www.nexofin.com\/notas\/1135735-la-justicia-confirmo-el-procesamiento-de-jorge-corcho-rodriguez-por-lavado-de-dinero-n-\/\" target=\"_blank\" rel=\"noreferrer noopener\">concluy\u00f3<\/a>\u00a0el referente radical.<\/p>\n","protected":false},"excerpt":{"rendered":"<p>La propuesta contempla temas en disputa como Ganancias, reforma laboral y la nueva f\u00f3rmula jubilatoria entre otros. Se espera que los gobernadores apoyen la iniciativa de cara la \u201cPacto de Mayo\u201d. Tras la ca\u00edda de la sesi\u00f3n en\u00a0Diputados\u00a0para tratar un proyecto de reforma previsional apoyado por el bloque\u00a0Hacemos Coalici\u00f3n Federal, que encabeza\u00a0Miguel \u00c1ngel Pichetto, el [&hellip;]<\/p>\n","protected":false},"author":2,"featured_media":1132,"comment_status":"open","ping_status":"open","sticky":false,"template":"","format":"standard","meta":{"footnotes":""},"categories":[20],"tags":[],"_links":{"self":[{"href":"https:\/\/enlamira.info\/index.php\/wp-json\/wp\/v2\/posts\/1129"}],"collection":[{"href":"https:\/\/enlamira.info\/index.php\/wp-json\/wp\/v2\/posts"}],"about":[{"href":"https:\/\/enlamira.info\/index.php\/wp-json\/wp\/v2\/types\/post"}],"author":[{"embeddable":true,"href":"https:\/\/enlamira.info\/index.php\/wp-json\/wp\/v2\/users\/2"}],"replies":[{"embeddable":true,"href":"https:\/\/enlamira.info\/index.php\/wp-json\/wp\/v2\/comments?post=1129"}],"version-history":[{"count":2,"href":"https:\/\/enlamira.info\/index.php\/wp-json\/wp\/v2\/posts\/1129\/revisions"}],"predecessor-version":[{"id":1133,"href":"https:\/\/enlamira.info\/index.php\/wp-json\/wp\/v2\/posts\/1129\/revisions\/1133"}],"wp:featuredmedia":[{"embeddable":true,"href":"https:\/\/enlamira.info\/index.php\/wp-json\/wp\/v2\/media\/1132"}],"wp:attachment":[{"href":"https:\/\/enlamira.info\/index.php\/wp-json\/wp\/v2\/media?parent=1129"}],"wp:term":[{"taxonomy":"category","embeddable":true,"href":"https:\/\/enlamira.info\/index.php\/wp-json\/wp\/v2\/categories?post=1129"},{"taxonomy":"post_tag","embeddable":true,"href":"https:\/\/enlamira.info\/index.php\/wp-json\/wp\/v2\/tags?post=1129"}],"curies":[{"name":"wp","href":"https:\/\/api.w.org\/{rel}","templated":true}]}}