{"id":11278,"date":"2024-09-27T22:29:57","date_gmt":"2024-09-28T01:29:57","guid":{"rendered":"https:\/\/enlamira.info\/?p=11278"},"modified":"2024-09-27T22:34:11","modified_gmt":"2024-09-28T01:34:11","slug":"por-pedido-de-su-esposa-un-juez-le-prohibio-a-los-medios-de-comunicacion-nombrar-a-jorge-lanata","status":"publish","type":"post","link":"https:\/\/enlamira.info\/index.php\/2024\/09\/27\/por-pedido-de-su-esposa-un-juez-le-prohibio-a-los-medios-de-comunicacion-nombrar-a-jorge-lanata\/","title":{"rendered":"Por pedido de su esposa, un juez le prohibi\u00f3 a los medios de comunicaci\u00f3n nombrar a Jorge Lanata"},"content":{"rendered":"\n<p>El periodista sigue internado en la cl\u00ednica Santa Catalina. A su vez, Elba Marcovecchio se encuentra en un conflicto con las hijas de Lanata por una denuncia de hurto.<\/p>\n\n\n\n<p>Un juez del Juzgado Civil N\u00b0 8 de\u00a0Buenos Aires\u00a0prohibi\u00f3 a los medios de comunicaci\u00f3n difundir informaci\u00f3n sobre Jorge Lanata, quien permanece internado en la cl\u00ednica Santa Catalina.\u00a0La medida fue solicitada por su\u00a0esposa, la abogada Elba Marcovecchio, en medio de un conflicto con las hijas del periodista, B\u00e1rbara y Lola, en relaci\u00f3n con denuncias cruzadas sobre su salud y patrimonio. La orden judicial impide la menci\u00f3n de la imagen, intimidad y situaci\u00f3n familiar de Lanata en cualquier medio de comunicaci\u00f3n.<\/p>\n\n\n\n<p>El fallo\u00a0judicial\u00a0tambi\u00e9n incluy\u00f3 a Marcovecchio, quien pidi\u00f3 protecci\u00f3n debido a la \u201cgran angustia\u201d que atraviesa por el delicado estado de salud de su esposo y la exposici\u00f3n medi\u00e1tica de la disputa familiar. \u201cTodos los medios est\u00e1n difundiendo la presentaci\u00f3n de las hijas de Lanata, exponiendo cuestiones relativas al patrimonio de su c\u00f3nyuge\u201d, se\u00f1alaron sus abogadas. La situaci\u00f3n gener\u00f3 un fuerte debate, ya que algunos sectores la consideran una restricci\u00f3n a la libertad de expresi\u00f3n.<\/p>\n\n\n\n<p>En paralelo, la justicia orden\u00f3 una evaluaci\u00f3n m\u00e9dica interdisciplinaria para determinar la capacidad psicof\u00edsica de Lanata y su\u00a0capacidad para tomar decisiones aut\u00f3nomas, como administrar su dinero o consentir tratamientos m\u00e9dicos. El objetivo es garantizar que el periodista reciba el cuidado adecuado y se eval\u00fae si su entorno actual es id\u00f3neo para sus necesidades.<\/p>\n\n\n\n<p>Adem\u00e1s, instituciones como el Hospital Italiano y la Fundaci\u00f3n Favaloro deber\u00e1n presentar informes sobre el estado de salud de Lanata. La justicia tambi\u00e9n solicit\u00f3 la intervenci\u00f3n de un equipo forense para analizar si el lugar de internaci\u00f3n y las terapias recibidas son las m\u00e1s adecuadas para su condici\u00f3n m\u00e9dica actual.<\/p>\n\n\n\n<p>En medio del conflicto, se divulgaron videos de Marcovecchio en la casa del periodista, relacionados con una\u00a0denuncia por faltantes de objetos de valor y gastos elevados, como dos millones de pesos en una joyer\u00eda. Las hijas de Lanata presentaron una denuncia de 67 p\u00e1ginas en la Justicia de Familia, en la que acusan a Marcovecchio de afectar la salud y el patrimonio de su padre.<\/p>\n","protected":false},"excerpt":{"rendered":"<p>El periodista sigue internado en la cl\u00ednica Santa Catalina. A su vez, Elba Marcovecchio se encuentra en un conflicto con las hijas de Lanata por una denuncia de hurto. Un juez del Juzgado Civil N\u00b0 8 de\u00a0Buenos Aires\u00a0prohibi\u00f3 a los medios de comunicaci\u00f3n difundir informaci\u00f3n sobre Jorge Lanata, quien permanece internado en la cl\u00ednica Santa [&hellip;]<\/p>\n","protected":false},"author":2,"featured_media":11281,"comment_status":"open","ping_status":"open","sticky":false,"template":"","format":"standard","meta":{"footnotes":""},"categories":[126],"tags":[],"_links":{"self":[{"href":"https:\/\/enlamira.info\/index.php\/wp-json\/wp\/v2\/posts\/11278"}],"collection":[{"href":"https:\/\/enlamira.info\/index.php\/wp-json\/wp\/v2\/posts"}],"about":[{"href":"https:\/\/enlamira.info\/index.php\/wp-json\/wp\/v2\/types\/post"}],"author":[{"embeddable":true,"href":"https:\/\/enlamira.info\/index.php\/wp-json\/wp\/v2\/users\/2"}],"replies":[{"embeddable":true,"href":"https:\/\/enlamira.info\/index.php\/wp-json\/wp\/v2\/comments?post=11278"}],"version-history":[{"count":1,"href":"https:\/\/enlamira.info\/index.php\/wp-json\/wp\/v2\/posts\/11278\/revisions"}],"predecessor-version":[{"id":11279,"href":"https:\/\/enlamira.info\/index.php\/wp-json\/wp\/v2\/posts\/11278\/revisions\/11279"}],"wp:featuredmedia":[{"embeddable":true,"href":"https:\/\/enlamira.info\/index.php\/wp-json\/wp\/v2\/media\/11281"}],"wp:attachment":[{"href":"https:\/\/enlamira.info\/index.php\/wp-json\/wp\/v2\/media?parent=11278"}],"wp:term":[{"taxonomy":"category","embeddable":true,"href":"https:\/\/enlamira.info\/index.php\/wp-json\/wp\/v2\/categories?post=11278"},{"taxonomy":"post_tag","embeddable":true,"href":"https:\/\/enlamira.info\/index.php\/wp-json\/wp\/v2\/tags?post=11278"}],"curies":[{"name":"wp","href":"https:\/\/api.w.org\/{rel}","templated":true}]}}