{"id":11271,"date":"2024-09-27T22:27:43","date_gmt":"2024-09-28T01:27:43","guid":{"rendered":"https:\/\/enlamira.info\/?p=11271"},"modified":"2024-09-27T22:39:12","modified_gmt":"2024-09-28T01:39:12","slug":"un-jugador-de-estudiantes-de-la-plata-sufrio-un-accidente-automovilistico-cuando-salia-del-entrenamiento","status":"publish","type":"post","link":"https:\/\/enlamira.info\/index.php\/2024\/09\/27\/un-jugador-de-estudiantes-de-la-plata-sufrio-un-accidente-automovilistico-cuando-salia-del-entrenamiento\/","title":{"rendered":"Un jugador de Estudiantes de La Plata sufri\u00f3 un accidente automovil\u00edstico cuando sal\u00eda del entrenamiento"},"content":{"rendered":"\n<p>Si bien el futbolista no sufri\u00f3 heridas graves, la situaci\u00f3n gener\u00f3 preocupaci\u00f3n en City Bell.<\/p>\n\n\n\n<p>Javier Altamirano, el jugador de Estudiantes que se desplom\u00f3 en pleno partido ante Boca,\u00a0sufri\u00f3 un accidente en su auto en La Plata. El hecho sucedi\u00f3 luego del entrenamiento del Pincha, cerca de City Bell, en la intersecci\u00f3n de 24 y 489.<\/p>\n\n\n\n<p>Altamirano impact\u00f3 contra otra camioneta de color gris, que sufri\u00f3 destrozos en el frente y el costado del veh\u00edculo.\u00a0Si bien el futbolista no sufri\u00f3 heridas, la mujer que manejaba el otro auto tuvo que ser trasladada por el SAME producto del incidente.<\/p>\n\n\n\n<p>En un principio se especul\u00f3 sobre\u00a0un nuevo episodio como le sucedi\u00f3 en el partido ante Boca, pero no habr\u00eda relaci\u00f3n entre ambos momentos.\u00a0Cinco meses despu\u00e9s del episodio, recibi\u00f3 el alta m\u00e9dica y regres\u00f3 a los entrenamientos con el Pincha, con la mala fortuna de que sufri\u00f3 un desgarro a fines de agosto, por lo que su vuelta al equipo profesional se retras\u00f3 a\u00fan m\u00e1s. Ahora,\u00a0justo en la antesala del duelo ante Defensa y Justicia por la Liga Profesional, el entrenador del conjunto platense, Eduardo Dom\u00ednguez, ten\u00eda pensado citarlo, pero el accidente que sufri\u00f3 podr\u00eda retrasar otra vez su regreso al equipo.<\/p>\n\n\n\n<h4 class=\"wp-block-heading\">El parte medico de Estudiantes:<\/h4>\n\n\n\n<p>\u201cProducto de un accidente automovil\u00edstico Javier Altamirano sufri\u00f3 una lesi\u00f3n ligamentaria a nivel c5 \/c6 ( columna cervical).\u00a0Deber\u00e1 permanecer en reposo y se realizar\u00e1n nuevos estudios para decidir conducta definitiva\u201d.<\/p>\n","protected":false},"excerpt":{"rendered":"<p>Si bien el futbolista no sufri\u00f3 heridas graves, la situaci\u00f3n gener\u00f3 preocupaci\u00f3n en City Bell. Javier Altamirano, el jugador de Estudiantes que se desplom\u00f3 en pleno partido ante Boca,\u00a0sufri\u00f3 un accidente en su auto en La Plata. El hecho sucedi\u00f3 luego del entrenamiento del Pincha, cerca de City Bell, en la intersecci\u00f3n de 24 y [&hellip;]<\/p>\n","protected":false},"author":2,"featured_media":11273,"comment_status":"open","ping_status":"open","sticky":false,"template":"","format":"standard","meta":{"footnotes":""},"categories":[14],"tags":[],"_links":{"self":[{"href":"https:\/\/enlamira.info\/index.php\/wp-json\/wp\/v2\/posts\/11271"}],"collection":[{"href":"https:\/\/enlamira.info\/index.php\/wp-json\/wp\/v2\/posts"}],"about":[{"href":"https:\/\/enlamira.info\/index.php\/wp-json\/wp\/v2\/types\/post"}],"author":[{"embeddable":true,"href":"https:\/\/enlamira.info\/index.php\/wp-json\/wp\/v2\/users\/2"}],"replies":[{"embeddable":true,"href":"https:\/\/enlamira.info\/index.php\/wp-json\/wp\/v2\/comments?post=11271"}],"version-history":[{"count":1,"href":"https:\/\/enlamira.info\/index.php\/wp-json\/wp\/v2\/posts\/11271\/revisions"}],"predecessor-version":[{"id":11272,"href":"https:\/\/enlamira.info\/index.php\/wp-json\/wp\/v2\/posts\/11271\/revisions\/11272"}],"wp:featuredmedia":[{"embeddable":true,"href":"https:\/\/enlamira.info\/index.php\/wp-json\/wp\/v2\/media\/11273"}],"wp:attachment":[{"href":"https:\/\/enlamira.info\/index.php\/wp-json\/wp\/v2\/media?parent=11271"}],"wp:term":[{"taxonomy":"category","embeddable":true,"href":"https:\/\/enlamira.info\/index.php\/wp-json\/wp\/v2\/categories?post=11271"},{"taxonomy":"post_tag","embeddable":true,"href":"https:\/\/enlamira.info\/index.php\/wp-json\/wp\/v2\/tags?post=11271"}],"curies":[{"name":"wp","href":"https:\/\/api.w.org\/{rel}","templated":true}]}}