{"id":11268,"date":"2024-09-27T22:26:32","date_gmt":"2024-09-28T01:26:32","guid":{"rendered":"https:\/\/enlamira.info\/?p=11268"},"modified":"2024-09-27T22:39:42","modified_gmt":"2024-09-28T01:39:42","slug":"la-polemica-frase-de-vaccari-despues-de-la-derrota-de-independiente-ante-velez-por-la-copa-argentina","status":"publish","type":"post","link":"https:\/\/enlamira.info\/index.php\/2024\/09\/27\/la-polemica-frase-de-vaccari-despues-de-la-derrota-de-independiente-ante-velez-por-la-copa-argentina\/","title":{"rendered":"La pol\u00e9mica frase de Vaccari despu\u00e9s de la derrota de Independiente ante V\u00e9lez por la Copa Argentina"},"content":{"rendered":"\n<p>El entrenador del Rojo habl\u00f3 tras caer por 1 a 0 con el Fort\u00edn en la cancha de Lan\u00fas.<\/p>\n\n\n\n<p>Independiente qued\u00f3 eliminado de la Copa Argentina al perder en los cuartos de final frente a V\u00e9lez por 1-0\u00a0y al t\u00e9rmino del partido disputado en la cancha de Lan\u00fas, el entrenador de Rojo,\u00a0Julio Vaccari, habl\u00f3 con la prensa e hizo una fuerte declaraci\u00f3n respecto al presente de la instituci\u00f3n.<\/p>\n\n\n\n<p>\u201cIndependiente es el tercer grande, hoy por hoy, solo por su gente\u201d, afirm\u00f3 Vaccari\u00a0y explic\u00f3: \u201cEs f\u00e1cil lo que dicen: \u2018El objetivo es entrar a la Copa Libertadores\u2019.\u00a0No es magia, es proyecto, es trabajo, es esfuerzo y planificaci\u00f3n\u201c.<\/p>\n\n\n\n<p>Adem\u00e1s, el DT explic\u00f3 que si bien Independiente es una instituci\u00f3n muy grande, en este momento no hay nada m\u00e1s all\u00e1 de la gente que sostenga los objetivos que le piden al equipo, lejos en el campeonato local y eliminado de la Copa Sudamericana, siendo la meta en lo que resta lograr la clasificaci\u00f3n a la Copa Sudamericana del a\u00f1o que viene. \u201cMe duele, me duele pecho\u201d, afirm\u00f3 luego de la derrota.<\/p>\n\n\n\n<p>En relaci\u00f3n al encuentro,\u00a0Vaccari destac\u00f3 que \u201cnos plantamos y jugamos de igual a igual\u201d y se lament\u00f3: \u201cEn el gol tuvimos la mala fortuna que nos queda tirado el Tata Mart\u00ednez cerca del banco nuestro\u201d.\u00a0Igualmente, el t\u00e9cnico reconoci\u00f3 que despu\u00e9s de la desventaja \u201cnos quedamos cortos con las herramientas en la b\u00fasqueda del gol. Me voy con una tristeza enorme porque hicimos el esfuerzo para emparejar con un equipo de jerarqu\u00eda y nos fuimos con las manos vac\u00edas\u201d.<\/p>\n","protected":false},"excerpt":{"rendered":"<p>El entrenador del Rojo habl\u00f3 tras caer por 1 a 0 con el Fort\u00edn en la cancha de Lan\u00fas. Independiente qued\u00f3 eliminado de la Copa Argentina al perder en los cuartos de final frente a V\u00e9lez por 1-0\u00a0y al t\u00e9rmino del partido disputado en la cancha de Lan\u00fas, el entrenador de Rojo,\u00a0Julio Vaccari, habl\u00f3 con [&hellip;]<\/p>\n","protected":false},"author":2,"featured_media":11270,"comment_status":"open","ping_status":"open","sticky":false,"template":"","format":"standard","meta":{"footnotes":""},"categories":[14],"tags":[],"_links":{"self":[{"href":"https:\/\/enlamira.info\/index.php\/wp-json\/wp\/v2\/posts\/11268"}],"collection":[{"href":"https:\/\/enlamira.info\/index.php\/wp-json\/wp\/v2\/posts"}],"about":[{"href":"https:\/\/enlamira.info\/index.php\/wp-json\/wp\/v2\/types\/post"}],"author":[{"embeddable":true,"href":"https:\/\/enlamira.info\/index.php\/wp-json\/wp\/v2\/users\/2"}],"replies":[{"embeddable":true,"href":"https:\/\/enlamira.info\/index.php\/wp-json\/wp\/v2\/comments?post=11268"}],"version-history":[{"count":1,"href":"https:\/\/enlamira.info\/index.php\/wp-json\/wp\/v2\/posts\/11268\/revisions"}],"predecessor-version":[{"id":11269,"href":"https:\/\/enlamira.info\/index.php\/wp-json\/wp\/v2\/posts\/11268\/revisions\/11269"}],"wp:featuredmedia":[{"embeddable":true,"href":"https:\/\/enlamira.info\/index.php\/wp-json\/wp\/v2\/media\/11270"}],"wp:attachment":[{"href":"https:\/\/enlamira.info\/index.php\/wp-json\/wp\/v2\/media?parent=11268"}],"wp:term":[{"taxonomy":"category","embeddable":true,"href":"https:\/\/enlamira.info\/index.php\/wp-json\/wp\/v2\/categories?post=11268"},{"taxonomy":"post_tag","embeddable":true,"href":"https:\/\/enlamira.info\/index.php\/wp-json\/wp\/v2\/tags?post=11268"}],"curies":[{"name":"wp","href":"https:\/\/api.w.org\/{rel}","templated":true}]}}