{"id":11265,"date":"2024-09-27T22:25:30","date_gmt":"2024-09-28T01:25:30","guid":{"rendered":"https:\/\/enlamira.info\/?p=11265"},"modified":"2024-09-27T22:40:14","modified_gmt":"2024-09-28T01:40:14","slug":"fifa-sanciono-al-dibu-martinez-y-se-perdera-los-proximos-partidos-de-la-seleccion","status":"publish","type":"post","link":"https:\/\/enlamira.info\/index.php\/2024\/09\/27\/fifa-sanciono-al-dibu-martinez-y-se-perdera-los-proximos-partidos-de-la-seleccion\/","title":{"rendered":"FIFA sancion\u00f3 al Dibu Mart\u00ednez y se perdera los pr\u00f3ximos partidos de la Selecci\u00f3n"},"content":{"rendered":"\n<p>El Dibu fue multado por su conducta en la derrota ante Colombia y su posterior altercado contra un camar\u00f3grafo.<\/p>\n\n\n\n<p>Lionel Scaloni recibi\u00f3 una p\u00e9sima noticia: no podr\u00e1 contar con Emiliano Mart\u00ednez en la Selecci\u00f3n Argentina de cara a la doble fecha de las Eliminatorias Sudamericanas\u00a0que se desarrollar\u00e1 en octubre. De esta manera, se perder\u00e1 la 9\u00aa fecha contra Venezuela de visitante y la jornada 10 frente a Bolivia, que se jugar\u00e1 en el Mas Monumental.<\/p>\n\n\n\n<p>En la pasada doble fecha de septiembre\u00a0el arquero protagoniz\u00f3 dos momentos que le pusieron en la mira de la FIFA y terminaron en suspensi\u00f3n por dos encuentros: su gesto con la Copa Am\u00e9rica tras la goleada a Chile y el golpe al camar\u00f3grafo en Colombia pocos d\u00edas m\u00e1s tarde.<\/p>\n\n\n\n<p>Es ese gesto con el trofeo, el cual realiz\u00f3 tambi\u00e9n luego de la edici\u00f3n 2021 y en reiteras ocasiones tanto con la Copa del Mundo como el trofeo al mejor arquero de ese torneo, lo que no cay\u00f3 nada bien en el ente regulador del f\u00fatbol mundial y dispar\u00f3 el castigo.\u00a0Situaci\u00f3n que solo empeor\u00f3 tras la pol\u00e9mica en el estadio Metropolitano de Barranquilla en su camino al vestuario luego de la\u00a0controversial ca\u00edda por 2-1 ante el due\u00f1o de casa.<\/p>\n\n\n\n<p>Ante esta decisi\u00f3n,\u00a0El Dibu se perder\u00e1 la fecha 9 y 10 de las Eliminatorias Sudamericanas que tienen a la albiceleste en lo m\u00e1s alto de la tabla de posiciones con 18 unidades tras acumular seis victorias y dos derrotas.\u00a0Detr\u00e1s se ubican Colombia (16), Uruguay (15), Ecuador (11), Brasil (10) y Venezuela (10), contabilizando las selecciones que hoy estar\u00edan sacando los pasajes directos al Mundial 2026 disponibles para Conmebol.<\/p>\n\n\n\n<h4 class=\"wp-block-heading\">El comunicado de la AFA:<\/h4>\n\n\n\n<p>\u201cA pesar de la defensa efectuada por el jugador y la Asociaci\u00f3n del F\u00fatbol Argentino, la Comisi\u00f3n Disciplinaria del ente rector del F\u00fatbol Mundial tom\u00f3 la siguiente decisi\u00f3n:<\/p>\n\n\n\n<p>El futbolista, Sr. Dami\u00e1n Emiliano Mart\u00ednez, es declarado responsable de su comportamiento ofensivo y su violaci\u00f3n de los principios del juego limpio\u00a0(art. 13 CDF) en relaci\u00f3n con los partidos Argentina vs. Chile jugados el 5 de septiembre de 2024 y Argentina vs. Colombia. disputado el 10 de septiembre de 2024 en el \u00e1mbito de la competici\u00f3n preliminar de la Copa Mundial de la FIFA 2026TM.<\/p>\n\n\n\n<p>El Demandado es suspendido por dos (2) partidos. Dicha suspensi\u00f3n se cumplir\u00e1 durante el(los) pr\u00f3ximo(s) partido(s) oficial(es)\u00a0del equipo representativo de la Asociaci\u00f3n del F\u00fatbol Argentino de conformidad con el art. 69 CDF.<\/p>\n\n\n\n<p>Cabe se\u00f1alar que\u00a0la Asociaci\u00f3n del F\u00fatbol Argentino se manifiesta absolutamente en desacuerdo con la decisi\u00f3n tomada por la comisi\u00f3n disciplinaria de la FIFA\u201c.<\/p>\n","protected":false},"excerpt":{"rendered":"<p>El Dibu fue multado por su conducta en la derrota ante Colombia y su posterior altercado contra un camar\u00f3grafo. Lionel Scaloni recibi\u00f3 una p\u00e9sima noticia: no podr\u00e1 contar con Emiliano Mart\u00ednez en la Selecci\u00f3n Argentina de cara a la doble fecha de las Eliminatorias Sudamericanas\u00a0que se desarrollar\u00e1 en octubre. De esta manera, se perder\u00e1 la [&hellip;]<\/p>\n","protected":false},"author":2,"featured_media":11267,"comment_status":"open","ping_status":"open","sticky":false,"template":"","format":"standard","meta":{"footnotes":""},"categories":[14],"tags":[],"_links":{"self":[{"href":"https:\/\/enlamira.info\/index.php\/wp-json\/wp\/v2\/posts\/11265"}],"collection":[{"href":"https:\/\/enlamira.info\/index.php\/wp-json\/wp\/v2\/posts"}],"about":[{"href":"https:\/\/enlamira.info\/index.php\/wp-json\/wp\/v2\/types\/post"}],"author":[{"embeddable":true,"href":"https:\/\/enlamira.info\/index.php\/wp-json\/wp\/v2\/users\/2"}],"replies":[{"embeddable":true,"href":"https:\/\/enlamira.info\/index.php\/wp-json\/wp\/v2\/comments?post=11265"}],"version-history":[{"count":1,"href":"https:\/\/enlamira.info\/index.php\/wp-json\/wp\/v2\/posts\/11265\/revisions"}],"predecessor-version":[{"id":11266,"href":"https:\/\/enlamira.info\/index.php\/wp-json\/wp\/v2\/posts\/11265\/revisions\/11266"}],"wp:featuredmedia":[{"embeddable":true,"href":"https:\/\/enlamira.info\/index.php\/wp-json\/wp\/v2\/media\/11267"}],"wp:attachment":[{"href":"https:\/\/enlamira.info\/index.php\/wp-json\/wp\/v2\/media?parent=11265"}],"wp:term":[{"taxonomy":"category","embeddable":true,"href":"https:\/\/enlamira.info\/index.php\/wp-json\/wp\/v2\/categories?post=11265"},{"taxonomy":"post_tag","embeddable":true,"href":"https:\/\/enlamira.info\/index.php\/wp-json\/wp\/v2\/tags?post=11265"}],"curies":[{"name":"wp","href":"https:\/\/api.w.org\/{rel}","templated":true}]}}