{"id":11240,"date":"2024-09-26T21:48:08","date_gmt":"2024-09-27T00:48:08","guid":{"rendered":"https:\/\/enlamira.info\/?p=11240"},"modified":"2024-09-26T22:02:53","modified_gmt":"2024-09-27T01:02:53","slug":"sale-la-amarilla-y-entra-la-blanca-boca-presento-su-nueva-camiseta-alternativa","status":"publish","type":"post","link":"https:\/\/enlamira.info\/index.php\/2024\/09\/26\/sale-la-amarilla-y-entra-la-blanca-boca-presento-su-nueva-camiseta-alternativa\/","title":{"rendered":"Sale la amarilla y entra la blanca: Boca present\u00f3 su nueva camiseta alternativa"},"content":{"rendered":"\n<p>El xeneize estrenar\u00e1 otro modelo de camiseta alternativa, dejando atr\u00e1s la casaca de color amarilla.<\/p>\n\n\n\n<p>A la par de que Diego\u00a0Mart\u00ednez\u00a0ultima detalles del 11 inicial que visitar\u00e1 a Belgrano de C\u00f3rdoba,\u00a0adidas lanz\u00f3 el nuevo modelo alternativo de la camiseta de Boca.\u00a0Modelo que ya est\u00e1 disponible y a la venta para que los hinchas xeneizes puedan comprar.<\/p>\n\n\n\n<p>La camiseta, donde\u00a0predomina el color blanco con franjas en azul y oro a la altura del pecho, ser\u00e1 estrenada en las pr\u00f3ximas semanas, donde tambi\u00e9n\u00a0destaca la bandera del club de la Ribera en sus costados.<\/p>\n\n\n\n<p>En el video clip del rodaje donde anunciaban la incorporaci\u00f3n de la nueva camiseta a la indumentaria oficial participaron como modelos\u00a0Edinson Cavani, Miguel Merentiel, Luis Adv\u00edncula, Lautaro Blanco, Brian Aguirre y Aaron Anselmino, mientras que tambi\u00e9n hubo participaci\u00f3n del plantel femenino con las jugadoras\u00a0Celeste Dos Santos, Melanie Mor\u00e1n, Julieta Mart\u00ednez y Yuria Sasaki.<\/p>\n\n\n\n<p>De esta manera,\u00a0Boca deja atr\u00e1s su actual camiseta alternativa, la de color amarillo, que para muchos hinchas est\u00e1 catalogada como la peor alternativa, en t\u00e9rminos futbol\u00edsticos,\u00a0que ha tenido el club.\u00a0Y los n\u00fameros est\u00e1n a la vista:\u00a019PJ; 5PG; 6PE y 8PP.<\/p>\n\n\n\n<p>La nueva camiseta est\u00e1 a la venta a partir de hoy en la app de adidas,\u00a0adidas.com.ar, BocaShop.com.ar y en Bitega Xeneize.<\/p>\n","protected":false},"excerpt":{"rendered":"<p>El xeneize estrenar\u00e1 otro modelo de camiseta alternativa, dejando atr\u00e1s la casaca de color amarilla. A la par de que Diego\u00a0Mart\u00ednez\u00a0ultima detalles del 11 inicial que visitar\u00e1 a Belgrano de C\u00f3rdoba,\u00a0adidas lanz\u00f3 el nuevo modelo alternativo de la camiseta de Boca.\u00a0Modelo que ya est\u00e1 disponible y a la venta para que los hinchas xeneizes puedan [&hellip;]<\/p>\n","protected":false},"author":2,"featured_media":11242,"comment_status":"open","ping_status":"open","sticky":false,"template":"","format":"standard","meta":{"footnotes":""},"categories":[14],"tags":[],"_links":{"self":[{"href":"https:\/\/enlamira.info\/index.php\/wp-json\/wp\/v2\/posts\/11240"}],"collection":[{"href":"https:\/\/enlamira.info\/index.php\/wp-json\/wp\/v2\/posts"}],"about":[{"href":"https:\/\/enlamira.info\/index.php\/wp-json\/wp\/v2\/types\/post"}],"author":[{"embeddable":true,"href":"https:\/\/enlamira.info\/index.php\/wp-json\/wp\/v2\/users\/2"}],"replies":[{"embeddable":true,"href":"https:\/\/enlamira.info\/index.php\/wp-json\/wp\/v2\/comments?post=11240"}],"version-history":[{"count":1,"href":"https:\/\/enlamira.info\/index.php\/wp-json\/wp\/v2\/posts\/11240\/revisions"}],"predecessor-version":[{"id":11241,"href":"https:\/\/enlamira.info\/index.php\/wp-json\/wp\/v2\/posts\/11240\/revisions\/11241"}],"wp:featuredmedia":[{"embeddable":true,"href":"https:\/\/enlamira.info\/index.php\/wp-json\/wp\/v2\/media\/11242"}],"wp:attachment":[{"href":"https:\/\/enlamira.info\/index.php\/wp-json\/wp\/v2\/media?parent=11240"}],"wp:term":[{"taxonomy":"category","embeddable":true,"href":"https:\/\/enlamira.info\/index.php\/wp-json\/wp\/v2\/categories?post=11240"},{"taxonomy":"post_tag","embeddable":true,"href":"https:\/\/enlamira.info\/index.php\/wp-json\/wp\/v2\/tags?post=11240"}],"curies":[{"name":"wp","href":"https:\/\/api.w.org\/{rel}","templated":true}]}}