{"id":11234,"date":"2024-09-26T21:46:16","date_gmt":"2024-09-27T00:46:16","guid":{"rendered":"https:\/\/enlamira.info\/?p=11234"},"modified":"2024-09-26T22:04:21","modified_gmt":"2024-09-27T01:04:21","slug":"un-ex-river-palpita-el-duelo-del-domingo-vamos-a-ir-en-busca-de-la-victoria-en-el-monumental","status":"publish","type":"post","link":"https:\/\/enlamira.info\/index.php\/2024\/09\/26\/un-ex-river-palpita-el-duelo-del-domingo-vamos-a-ir-en-busca-de-la-victoria-en-el-monumental\/","title":{"rendered":"Un ex River palpita el duelo del domingo: \u201cVamos a ir en busca de la victoria en el Monumental\u201d"},"content":{"rendered":"\n<p>El delantero Federico Girotti habl\u00f3 en la previa al duelo del domingo donde River y Talleres se enfrentar\u00e1n para buscar seguir peleando en la Liga Profesional.<\/p>\n\n\n\n<p>Este domingo habr\u00e1 un gran duelo por la\u00a0Fecha 16\u00a0de la\u00a0Liga Profesional\u00a0porque\u00a0River Plate\u00a0recibir\u00e1 a\u00a0Talleres de C\u00f3rdoba\u00a0en el\u00a0M\u00e1s Monumental\u00a0en un enfrentamiento entre dos equipos que aspiran a seguir de cerca al \u00fanico puntero,\u00a0V\u00e9lez, por lo que podr\u00eda ser un quiebre para cualquiera de los dos. Actualmente el\u00a0Millonario\u00a0tiene 24 puntos y la\u00a0T\u00a027 mientras que el\u00a0Fort\u00edn\u00a0est\u00e1 puntero en soledad con 33 unidades aunque tiene a varios perseguidores con el mismo puntaje que los cordobeses.<\/p>\n\n\n\n<p>A d\u00edas de este partido importante,\u00a0Federico Girotti\u00a0habl\u00f3 sobre lo que ser\u00e1 la visita al equipo de\u00a0Marcelo Gallardo\u00a0y tambi\u00e9n al club de donde surgi\u00f3 como jugador. El delantero de Talleres afirm\u00f3 que ser\u00e1 un partido d\u00edficil y rememor\u00f3 el cruce por\u00a0Copa Libertadores\u00a0donde pasaron los de\u00a0N\u00fa\u00f1ez:\u00a0<em>\u201c<\/em>Estamos pensando que va a ser un partido muy complicado, como fue la serie de Libertadores. Una l\u00e1stima que nos haya tocado quedar afuera de esa serie que fue muy pareja y se defini\u00f3 por algunos detalles. Vamos a ir en busca de la victoria en el Monumental para seguir prendidos ah\u00ed arriba<em>\u201c.<\/em><\/p>\n\n\n\n<p>Adem\u00e1s de esto, el ex\u00a0San Lorenzo\u00a0remarc\u00f3 la importancia de\u00a0Gallardo\u00a0pero tambi\u00e9n del\u00a0Cacique Medina\u00a0que volvi\u00f3 al albiazul y logr\u00f3 levantar el nivel del equipo: \u201cSabemos que va a ser un partido muy dif\u00edcil. Conocemos al 100% el estilo de ellos. Con la llegada de Marcelo se vio lo que era el equipo antes. Por lo menos yo conozco a la perfecci\u00f3n a este cuerpo t\u00e9cnico. El cuerpo t\u00e9cnico del Cacique, tambi\u00e9n. Vamos a ir a atacar sus debilidades. Sabemos que va a ser un ambiente complicado. Vienen con la euforia de haber clasificado pero lo vamos a ir a buscar<em>\u201c.<\/em><\/p>\n\n\n\n<p>Por \u00faltimo, el atacante dej\u00f3 en claro que la\u00a0Liga\u00a0es lo \u00fanico que le queda en juego a\u00a0Talleres\u00a0y por eso es vital que siga de cerca a V\u00e9lez para mantener vivas las esperanzas de salir campe\u00f3n que es el objetivo final:\u00a0\u201cTenemos un plantel muy amplio. Una l\u00e1stima que nos haya tocado quedar afuera de la Copa Argentina y la Libertadores. Ahora apuntamos todos los ca\u00f1ones al campeonato local. Sabemos que V\u00e9lez viene bastante derecho, no pierde puntos.\u00a0Queremos llegar a las \u00faltimas cinco fechas bien cerca\u201d.<\/p>\n\n\n\n<h3 class=\"wp-block-heading\">\u00bfCu\u00e1ndo jugar\u00e1n River-Talleres?<\/h3>\n\n\n\n<ul>\n<li>Fecha 16 de la Liga Profesional: River Plate-Talleres, domingo a las 18:15 en el M\u00e1s Monumental.<\/li>\n<\/ul>\n","protected":false},"excerpt":{"rendered":"<p>El delantero Federico Girotti habl\u00f3 en la previa al duelo del domingo donde River y Talleres se enfrentar\u00e1n para buscar seguir peleando en la Liga Profesional. Este domingo habr\u00e1 un gran duelo por la\u00a0Fecha 16\u00a0de la\u00a0Liga Profesional\u00a0porque\u00a0River Plate\u00a0recibir\u00e1 a\u00a0Talleres de C\u00f3rdoba\u00a0en el\u00a0M\u00e1s Monumental\u00a0en un enfrentamiento entre dos equipos que aspiran a seguir de cerca al [&hellip;]<\/p>\n","protected":false},"author":2,"featured_media":11236,"comment_status":"open","ping_status":"open","sticky":false,"template":"","format":"standard","meta":{"footnotes":""},"categories":[14],"tags":[],"_links":{"self":[{"href":"https:\/\/enlamira.info\/index.php\/wp-json\/wp\/v2\/posts\/11234"}],"collection":[{"href":"https:\/\/enlamira.info\/index.php\/wp-json\/wp\/v2\/posts"}],"about":[{"href":"https:\/\/enlamira.info\/index.php\/wp-json\/wp\/v2\/types\/post"}],"author":[{"embeddable":true,"href":"https:\/\/enlamira.info\/index.php\/wp-json\/wp\/v2\/users\/2"}],"replies":[{"embeddable":true,"href":"https:\/\/enlamira.info\/index.php\/wp-json\/wp\/v2\/comments?post=11234"}],"version-history":[{"count":1,"href":"https:\/\/enlamira.info\/index.php\/wp-json\/wp\/v2\/posts\/11234\/revisions"}],"predecessor-version":[{"id":11235,"href":"https:\/\/enlamira.info\/index.php\/wp-json\/wp\/v2\/posts\/11234\/revisions\/11235"}],"wp:featuredmedia":[{"embeddable":true,"href":"https:\/\/enlamira.info\/index.php\/wp-json\/wp\/v2\/media\/11236"}],"wp:attachment":[{"href":"https:\/\/enlamira.info\/index.php\/wp-json\/wp\/v2\/media?parent=11234"}],"wp:term":[{"taxonomy":"category","embeddable":true,"href":"https:\/\/enlamira.info\/index.php\/wp-json\/wp\/v2\/categories?post=11234"},{"taxonomy":"post_tag","embeddable":true,"href":"https:\/\/enlamira.info\/index.php\/wp-json\/wp\/v2\/tags?post=11234"}],"curies":[{"name":"wp","href":"https:\/\/api.w.org\/{rel}","templated":true}]}}