{"id":11197,"date":"2024-09-25T23:00:14","date_gmt":"2024-09-26T02:00:14","guid":{"rendered":"https:\/\/enlamira.info\/?p=11197"},"modified":"2024-09-25T23:11:38","modified_gmt":"2024-09-26T02:11:38","slug":"el-probable-once-de-racing-para-su-partido-fundamental-en-la-copa-sudamericana","status":"publish","type":"post","link":"https:\/\/enlamira.info\/index.php\/2024\/09\/25\/el-probable-once-de-racing-para-su-partido-fundamental-en-la-copa-sudamericana\/","title":{"rendered":"El probable once de Racing para su partido fundamental en la Copa Sudamericana"},"content":{"rendered":"\n<p>Racing ma\u00f1ana recibir\u00e1 a Athletico Paranaense por la vuelta de los Cuartos de Final de la Copa Sudamericana donde buscar\u00e1 dar vuelta la serie.<\/p>\n\n\n\n<p>Ma\u00f1ana habr\u00e1 un partido muy importante para el futuro de\u00a0Racing\u00a0porque en el\u00a0Cilindro de Avellaneda, recibir\u00e1 a\u00a0Athletico Paranaense\u00a0por\u00a0la vuelta de los Cuartos de Final de la Copa Sudamericana\u00a0donde intentar\u00e1 dar vuelta el\u00a01-0 en contra de la ida\u00a0para quedar entre los cuatro mejores de la competencia internacional. Adem\u00e1s de este, en la\u00a0Liga Profesional\u00a0fue perdiendo puntos importantes por lo que tambi\u00e9n el futuro de\u00a0Gustavo Costas\u00a0podr\u00eda quedar en la cuerda floja si ma\u00f1ana no clasifica.<\/p>\n\n\n\n<p>Para el encuentro de este jueves,\u00a0Costas\u00a0tiene una noticia positiva porque tendr\u00e1 nuevamente a disposici\u00f3n a\u00a0Gabriel Rojas\u00a0quien ser\u00e1 el carrilero izquierdo titular. El defensor ya est\u00e1 recuperado de la fractura de falange proximal hallux en el pie zurdo y jugar\u00e1 en lugar de\u00a0Facundo Mura. Por lo tanto los tres defensores centrales ser\u00e1n los mismos que la semana pasada en\u00a0Curitiba\u00a0y\u00a0Gast\u00f3n Martirena\u00a0ser\u00e1 el carrilero derecho.<\/p>\n\n\n\n<p>Sin embargo hay una peque\u00f1a duda para el entrenador de la Academia y radica en el mediocampo porque no tiene definido si seguir\u00e1\u00a0Juan Fernando Quintero\u00a0o si ingresar\u00e1\u00a0Roger Mart\u00ednez. Luego continuar\u00e1n\u00a0Agust\u00edn Almendra y Juan Nardoni\u00a0en el mediocampo como as\u00ed tambi\u00e9n\u00a0Maximiliano Salas y Adri\u00e1n Mart\u00ednez\u00a0en el ataque. Vale recordar que el conjunto albiceleste deber\u00e1 ganar por una diferencia de dos goles para pasar de fase o si gana por la m\u00ednima, todo se definir\u00e1 desde los penales.<\/p>\n\n\n\n<p>En la\u00a0Liga\u00a0la derrota contra\u00a0Talleres\u00a0fue dura porque los dos equipos ven\u00edan igualados en puntos pero sobre todo porque el lunes\u00a0V\u00e9lez\u00a0gan\u00f3 y as\u00ed el\u00a0Fort\u00edn\u00a0le sac\u00f3 9 puntos de ventaja a\u00a0Racing. Por lo tanto deber\u00e1 agarrar una nueva racha positiva de varios triunfos para meterse de lleno en la pelea pero el partido por\u00a0Sudamericana\u00a0ser\u00e1 un term\u00f3metro para la gente.<\/p>\n\n\n\n<h3 class=\"wp-block-heading\">Probable equipo de Racing:<\/h3>\n\n\n\n<ul>\n<li>Arias; Di C\u00e9sare, Sosa, Quir\u00f3s; Martirena, Nardoni, Almendra, Rojas; Quintero o Mart\u00ednez, Salas y Mart\u00ednez.<\/li>\n<\/ul>\n","protected":false},"excerpt":{"rendered":"<p>Racing ma\u00f1ana recibir\u00e1 a Athletico Paranaense por la vuelta de los Cuartos de Final de la Copa Sudamericana donde buscar\u00e1 dar vuelta la serie. Ma\u00f1ana habr\u00e1 un partido muy importante para el futuro de\u00a0Racing\u00a0porque en el\u00a0Cilindro de Avellaneda, recibir\u00e1 a\u00a0Athletico Paranaense\u00a0por\u00a0la vuelta de los Cuartos de Final de la Copa Sudamericana\u00a0donde intentar\u00e1 dar vuelta el\u00a01-0 [&hellip;]<\/p>\n","protected":false},"author":2,"featured_media":11199,"comment_status":"open","ping_status":"open","sticky":false,"template":"","format":"standard","meta":{"footnotes":""},"categories":[14],"tags":[],"_links":{"self":[{"href":"https:\/\/enlamira.info\/index.php\/wp-json\/wp\/v2\/posts\/11197"}],"collection":[{"href":"https:\/\/enlamira.info\/index.php\/wp-json\/wp\/v2\/posts"}],"about":[{"href":"https:\/\/enlamira.info\/index.php\/wp-json\/wp\/v2\/types\/post"}],"author":[{"embeddable":true,"href":"https:\/\/enlamira.info\/index.php\/wp-json\/wp\/v2\/users\/2"}],"replies":[{"embeddable":true,"href":"https:\/\/enlamira.info\/index.php\/wp-json\/wp\/v2\/comments?post=11197"}],"version-history":[{"count":1,"href":"https:\/\/enlamira.info\/index.php\/wp-json\/wp\/v2\/posts\/11197\/revisions"}],"predecessor-version":[{"id":11198,"href":"https:\/\/enlamira.info\/index.php\/wp-json\/wp\/v2\/posts\/11197\/revisions\/11198"}],"wp:featuredmedia":[{"embeddable":true,"href":"https:\/\/enlamira.info\/index.php\/wp-json\/wp\/v2\/media\/11199"}],"wp:attachment":[{"href":"https:\/\/enlamira.info\/index.php\/wp-json\/wp\/v2\/media?parent=11197"}],"wp:term":[{"taxonomy":"category","embeddable":true,"href":"https:\/\/enlamira.info\/index.php\/wp-json\/wp\/v2\/categories?post=11197"},{"taxonomy":"post_tag","embeddable":true,"href":"https:\/\/enlamira.info\/index.php\/wp-json\/wp\/v2\/tags?post=11197"}],"curies":[{"name":"wp","href":"https:\/\/api.w.org\/{rel}","templated":true}]}}