{"id":11194,"date":"2024-09-25T22:59:19","date_gmt":"2024-09-26T01:59:19","guid":{"rendered":"https:\/\/enlamira.info\/?p=11194"},"modified":"2024-09-25T23:12:18","modified_gmt":"2024-09-26T02:12:18","slug":"comenzo-una-nueva-edicion-de-la-europa-league-como-le-fue-a-los-argentinos","status":"publish","type":"post","link":"https:\/\/enlamira.info\/index.php\/2024\/09\/25\/comenzo-una-nueva-edicion-de-la-europa-league-como-le-fue-a-los-argentinos\/","title":{"rendered":"Comenz\u00f3 una nueva edici\u00f3n de la Europa League: \u00bfc\u00f3mo le fue a los argentinos?"},"content":{"rendered":"\n<p>Esta tarde se abri\u00f3 el tel\u00f3n de la competencia de segundo orden en Europa donde hubo presencia de varios argentinos.<\/p>\n\n\n\n<p>Con varios encuentros durante la jornada de hoy, este mi\u00e9rcoles comenz\u00f3 la\u00a0Europa League 2024-25\u00a0que tambi\u00e9n sufri\u00f3 un cambio de formato como la\u00a0Champions League\u00a0por lo que se har\u00e1 una tabla general y dependiendo los puestos se definir\u00e1n los clasificados. En este inicio de la\u00a0Fecha 1, hubo presencia de jugadores argentinos que obtuvieron diferentes resultados.<\/p>\n\n\n\n<p>La actividad comenz\u00f3 al mediod\u00eda con dos encuentros donde\u00a0Nehuen P\u00e9rez\u00a0fue titular en el\u00a0Porto, que cay\u00f3 derrotado de visitante por 3-2 frente al\u00a0BodoGlimt de Noruega\u00a0en lo que fue uno de los resultados sorpresivos del d\u00eda. Luego el grueso de los partidos se dieron por la tarde donde all\u00ed la mayor\u00eda de los futbolistas tuvieron buenos resultados.<\/p>\n\n\n\n<p>En primer lugar,\u00a0Valent\u00edn Castellanos\u00a0ingres\u00f3 en el segundo tiempo en la goleada de la\u00a0Lazio\u00a0por 3-0 al\u00a0Dinamo de Kiev en Ucrania.\u00a0Taty, que fue citado por\u00a0Lionel Scaloni\u00a0en la \u00faltima fecha de\u00a0Eliminatorias Sudamericanas, jug\u00f3 los \u00faltimos 25 minutos del encuentro. Otro que ingres\u00f3 en el complemento fue\u00a0Mauro Icardi\u00a0que le bastaron 23 minutos para convertir un gol en el triunfo por 3-1 del\u00a0Galatasaray al PAOK de Grecia. El goleador tuvo un festejo que llam\u00f3 la atenci\u00f3n haciendo el\u00a0Topo Gigio, a lo\u00a0Juan Rom\u00e1n Riquelme.<\/p>\n\n\n\n<p>El\u00a0Manchester United\u00a0sigue con una gran irregularidad porque no pudo hacerse fuerte de local en\u00a0Old Trafford\u00a0e igual\u00f3 1-1 contra el\u00a0Twente de Holanda. All\u00ed\u00a0Lisandro Mart\u00ednez\u00a0fue titular mientras que\u00a0Alejandro Garnacho\u00a0ingres\u00f3 en la \u00faltima media hora cuando empat\u00f3 el equipo neerland\u00e9s pero no pudo cambiar el resultado. Por \u00faltimo,\u00a0Luis V\u00e1zquez\u00a0tuvo minutos en la victoria 2-1 del\u00a0Anderlecht\u00a0frente al\u00a0Ferencvarosi.<\/p>\n\n\n\n<h3 class=\"wp-block-heading\">\u00bfQu\u00e9 argentinos jugar\u00e1n ma\u00f1ana?<\/h3>\n\n\n\n<p>Este jueves continuar\u00e1 la\u00a0Fecha 1\u00a0de la\u00a0Europa League\u00a0donde a las 16:00 jugar\u00e1 el\u00a0Lyon\u00a0de\u00a0Nicol\u00e1s Tagliafico\u00a0frente al\u00a0Olympiakos\u00a0de\u00a0Santiago Hezze y Francisco Ortega, la\u00a0Roma\u00a0de\u00a0Paulo Dybala, Leandro Paredes y Matias Soul\u00e9\u00a0contra\u00a0Athletic Bilbao\u00a0y el\u00a0Tottenham\u00a0de\u00a0Cuti Romero\u00a0recibiendo al\u00a0Qarabag.<\/p>\n","protected":false},"excerpt":{"rendered":"<p>Esta tarde se abri\u00f3 el tel\u00f3n de la competencia de segundo orden en Europa donde hubo presencia de varios argentinos. Con varios encuentros durante la jornada de hoy, este mi\u00e9rcoles comenz\u00f3 la\u00a0Europa League 2024-25\u00a0que tambi\u00e9n sufri\u00f3 un cambio de formato como la\u00a0Champions League\u00a0por lo que se har\u00e1 una tabla general y dependiendo los puestos se [&hellip;]<\/p>\n","protected":false},"author":2,"featured_media":11196,"comment_status":"open","ping_status":"open","sticky":false,"template":"","format":"standard","meta":{"footnotes":""},"categories":[14],"tags":[],"_links":{"self":[{"href":"https:\/\/enlamira.info\/index.php\/wp-json\/wp\/v2\/posts\/11194"}],"collection":[{"href":"https:\/\/enlamira.info\/index.php\/wp-json\/wp\/v2\/posts"}],"about":[{"href":"https:\/\/enlamira.info\/index.php\/wp-json\/wp\/v2\/types\/post"}],"author":[{"embeddable":true,"href":"https:\/\/enlamira.info\/index.php\/wp-json\/wp\/v2\/users\/2"}],"replies":[{"embeddable":true,"href":"https:\/\/enlamira.info\/index.php\/wp-json\/wp\/v2\/comments?post=11194"}],"version-history":[{"count":1,"href":"https:\/\/enlamira.info\/index.php\/wp-json\/wp\/v2\/posts\/11194\/revisions"}],"predecessor-version":[{"id":11195,"href":"https:\/\/enlamira.info\/index.php\/wp-json\/wp\/v2\/posts\/11194\/revisions\/11195"}],"wp:featuredmedia":[{"embeddable":true,"href":"https:\/\/enlamira.info\/index.php\/wp-json\/wp\/v2\/media\/11196"}],"wp:attachment":[{"href":"https:\/\/enlamira.info\/index.php\/wp-json\/wp\/v2\/media?parent=11194"}],"wp:term":[{"taxonomy":"category","embeddable":true,"href":"https:\/\/enlamira.info\/index.php\/wp-json\/wp\/v2\/categories?post=11194"},{"taxonomy":"post_tag","embeddable":true,"href":"https:\/\/enlamira.info\/index.php\/wp-json\/wp\/v2\/tags?post=11194"}],"curies":[{"name":"wp","href":"https:\/\/api.w.org\/{rel}","templated":true}]}}