{"id":11191,"date":"2024-09-25T22:57:48","date_gmt":"2024-09-26T01:57:48","guid":{"rendered":"https:\/\/enlamira.info\/?p=11191"},"modified":"2024-09-25T23:12:52","modified_gmt":"2024-09-26T02:12:52","slug":"la-polemica-de-la-tarde-que-se-hizo-viral-fifa-le-quito-dos-intercontinentales-a-boca","status":"publish","type":"post","link":"https:\/\/enlamira.info\/index.php\/2024\/09\/25\/la-polemica-de-la-tarde-que-se-hizo-viral-fifa-le-quito-dos-intercontinentales-a-boca\/","title":{"rendered":"La pol\u00e9mica de la tarde que se hizo viral: FIFA le quit\u00f3 dos Intercontinentales a Boca"},"content":{"rendered":"\n<p>El ente que rige el f\u00fatbol mundial no le reconoci\u00f3 los t\u00edtulos del 2000 y 2003 por el Mundial de Clubes, pero por el revuelo que se gener\u00f3 tuvo que rectificarse.<\/p>\n\n\n\n<p>Si algo le faltaba a Boca Juniors\u00a0en los \u00faltimos d\u00edas, dinamitado por la\u00a0derrota en el \u00faltimo Supercl\u00e1sico,\u00a0era que le saquen las copas que gan\u00f3.\u00a0Es que\u00a0la FIFA le quit\u00f3 dos Intercontinentales esta tarde y la pol\u00e9mica se hizo viral\u00a0en las redes sociales. \u00bfQu\u00e9 pas\u00f3?<\/p>\n\n\n\n<p>Debido al\u00a0nuevo Super Mundial de Clubes\u00a0que se estrenar\u00e1 en el 2025, la m\u00e1xima entidad del f\u00fatbol mundial hab\u00eda publicado el listado de los campeones del mundo y hab\u00eda omitido los t\u00edtulos del\u00a0<em>Xeneize<\/em>\u00a0ante Real Madrid en el 2000 y AC Milan en el 2003.<\/p>\n\n\n\n<p>La Copa Intercontinental se origin\u00f3 en 1960 y tradicionalmente enfrent\u00f3 al campe\u00f3n de la Copa Libertadores contra el ganador de la Champions League, salvo las excepciones de los a\u00f1os 1975 y 1978 que no se disputaron, hasta su finalizaci\u00f3n en el 2004. El problema surgi\u00f3 al\u00a0comienzo del milenio con el Mundial de Clubes.<\/p>\n\n\n\n<figure class=\"wp-block-image\"><img decoding=\"async\" src=\"https:\/\/www.nexofin.com\/archivos\/2024\/09\/captura-de-pantalla-2024-09-25-a-las-19-28-24.png\" alt=\"\" class=\"wp-image-1173182\"\/><\/figure>\n\n\n\n<p>La primera edici\u00f3n tuvo una final in\u00e9dita entre brasile\u00f1os: Corinthians contra Vasco da Gama, luego de que el participante europeo, el Real Madrid, quedase eliminado y hasta perdiese el partido por el tercer puesto ante el Necaxa de M\u00e9xico.<\/p>\n\n\n\n<p>En un primer momento la FIFA hab\u00eda declarado cinco ediciones (2000-2004) como \u201cvacantes\u201d.\u00a0Sin embargo, a\u00a0ra\u00edz de semejante pol\u00e9mica debi\u00f3 rectificarse y explicar que\u00a0en octubre de 2017 se aprob\u00f3 una moci\u00f3n que reconoc\u00eda como \u201ccampeones del mundo de clubes a todos los equipos europeos y sudamericanos que hab\u00edan ganado la Copa Intercontinental, disputada entre 1960 y 2004\u201d.<\/p>\n\n\n\n<p><strong>As\u00ed las cosas, en el 2000 aparecen dos campeones: Corinthians y Boca Juniors.<\/strong><\/p>\n\n\n\n<figure class=\"wp-block-image\"><img decoding=\"async\" src=\"https:\/\/www.nexofin.com\/archivos\/2024\/09\/captura-de-pantalla-2024-09-25-a-las-20-15-07.png\" alt=\"\" class=\"wp-image-1173186\"\/><\/figure>\n\n\n\n<h3 class=\"wp-block-heading\">La nueva Copa Intercontinental de la FIFA 2024<\/h3>\n\n\n\n<p>El Bureau del Consejo adapt\u00f3, seg\u00fan un reciente comunicado \u201cun formato del torneo, muy atractivo y novedoso, incluye competiciones intercontinentales independientes, en las que participar\u00e1n los campeones de las seis confederaciones\u201d.<\/p>\n\n\n\n<p>Constar\u00e1 de cinco partidos, comenzar\u00e1 el 22\u202fde\u202fseptiembre y terminar\u00e1 el 18\u202fde\u202fdiciembre de este a\u00f1o. Los dos primeros encuentros se disputar\u00e1n en los pa\u00edses de los equipos anfitriones y los otros tres partidos se celebrar\u00e1n en Qatar.<\/p>\n\n\n\n<p>El\u00a0partido 3, llamado oficialmente el Derbi de las Am\u00e9ricas, se celebrar\u00e1 el mi\u00e9rcoles 11 de diciembre y enfrentar\u00e1 al Pachuca,\u00a0ganador de la Copa de Campeones de la Concacaf 2024,\u00a0y al ganador de la actual edici\u00f3n de la Copa Libertadores.\u00a0El que salga victorioso se enfrentar\u00e1 al vencedor de la\u00a0Eliminatoria \u00c1frica-Asia-Pac\u00edfico (Al Ain-Auckland City FC) vs. Al Ahly egipcio.<\/p>\n","protected":false},"excerpt":{"rendered":"<p>El ente que rige el f\u00fatbol mundial no le reconoci\u00f3 los t\u00edtulos del 2000 y 2003 por el Mundial de Clubes, pero por el revuelo que se gener\u00f3 tuvo que rectificarse. Si algo le faltaba a Boca Juniors\u00a0en los \u00faltimos d\u00edas, dinamitado por la\u00a0derrota en el \u00faltimo Supercl\u00e1sico,\u00a0era que le saquen las copas que gan\u00f3.\u00a0Es [&hellip;]<\/p>\n","protected":false},"author":2,"featured_media":11193,"comment_status":"open","ping_status":"open","sticky":false,"template":"","format":"standard","meta":{"footnotes":""},"categories":[14],"tags":[],"_links":{"self":[{"href":"https:\/\/enlamira.info\/index.php\/wp-json\/wp\/v2\/posts\/11191"}],"collection":[{"href":"https:\/\/enlamira.info\/index.php\/wp-json\/wp\/v2\/posts"}],"about":[{"href":"https:\/\/enlamira.info\/index.php\/wp-json\/wp\/v2\/types\/post"}],"author":[{"embeddable":true,"href":"https:\/\/enlamira.info\/index.php\/wp-json\/wp\/v2\/users\/2"}],"replies":[{"embeddable":true,"href":"https:\/\/enlamira.info\/index.php\/wp-json\/wp\/v2\/comments?post=11191"}],"version-history":[{"count":1,"href":"https:\/\/enlamira.info\/index.php\/wp-json\/wp\/v2\/posts\/11191\/revisions"}],"predecessor-version":[{"id":11192,"href":"https:\/\/enlamira.info\/index.php\/wp-json\/wp\/v2\/posts\/11191\/revisions\/11192"}],"wp:featuredmedia":[{"embeddable":true,"href":"https:\/\/enlamira.info\/index.php\/wp-json\/wp\/v2\/media\/11193"}],"wp:attachment":[{"href":"https:\/\/enlamira.info\/index.php\/wp-json\/wp\/v2\/media?parent=11191"}],"wp:term":[{"taxonomy":"category","embeddable":true,"href":"https:\/\/enlamira.info\/index.php\/wp-json\/wp\/v2\/categories?post=11191"},{"taxonomy":"post_tag","embeddable":true,"href":"https:\/\/enlamira.info\/index.php\/wp-json\/wp\/v2\/tags?post=11191"}],"curies":[{"name":"wp","href":"https:\/\/api.w.org\/{rel}","templated":true}]}}