{"id":11165,"date":"2024-09-24T21:30:18","date_gmt":"2024-09-25T00:30:18","guid":{"rendered":"https:\/\/enlamira.info\/?p=11165"},"modified":"2024-09-24T21:54:32","modified_gmt":"2024-09-25T00:54:32","slug":"lucho-gonzalez-asumio-como-entrenador-de-athletico-paranaense-y-enfrentara-a-racing","status":"publish","type":"post","link":"https:\/\/enlamira.info\/index.php\/2024\/09\/24\/lucho-gonzalez-asumio-como-entrenador-de-athletico-paranaense-y-enfrentara-a-racing\/","title":{"rendered":"Lucho Gonz\u00e1lez asumi\u00f3 como entrenador de Athletico Paranaense y enfrentar\u00e1 a Racing"},"content":{"rendered":"\n<p>El entrenador argentino tendr\u00e1 su segundo paso por el conjunto de Curitiba y tendr\u00e1 su debut en la vuelta de los cuartos de final de Copa Sudamericana.<\/p>\n\n\n\n<p>En cuesti\u00f3n de horas,\u00a0Athletico Paranaense\u00a0anunci\u00f3 la salida de\u00a0Martin Varini en la noche del lunes y hace instantes confirm\u00f3 que su reemplazante ser\u00e1\u00a0Lu\u00eds Gonz\u00e1lez. A pesar de que se encuentra a d\u00edas de jugar la vuelta de los\u00a0Cuartos de Final de la Copa Sudamericana contra Racing, el equipo de\u00a0Curitiba\u00a0tom\u00f3 esta decisi\u00f3n dr\u00e1stica despu\u00e9s de empatar 0-0 frente a\u00a0Crici\u00fama por la Fecha 13 del Brasileirao\u00a0y quedar a tres puntos del descenso.<\/p>\n\n\n\n<p>As\u00ed lo hab\u00eda expresado el propio Club ayer a la noche en sus redes sociales:\u00a0\u201cAthletico Paranaense informa que Mart\u00edn Varini ya no es t\u00e9cnico del equipo principal del Athletico. El Club agradece el trabajo realizado por Varini y sus asistentes, y les desea \u00e9xitos en la continuaci\u00f3n de sus carreras. A partir de ma\u00f1ana (martes), los entrenamientos ser\u00e1n ordenados por el comit\u00e9 t\u00e9cnico permanente del Athletico\u201d. De esta manera a pesar de estar a tiro en la\u00a0Sudamericana\u00a0y tener un 54% de efectividad en 19 partidos dirigidos, el uruguayo fue cesado.<\/p>\n\n\n\n<p>Sin embargo, el reemplazante de\u00a0Varini\u00a0se encontr\u00f3 r\u00e1pido y es un viejo conocido tanto del rojinegro como de la\u00a0Academia. Esto es as\u00ed porque el nuevo entrenador es\u00a0Lucho Gonz\u00e1lez, que ya fue jugador y entrenador interino del conjunto brasilero, como as\u00ed tambi\u00e9n es confeso hincha del club de\u00a0Avellaneda\u00a0y su debut ser\u00e1 nada m\u00e1s ni nada menos que el jueves en el\u00a0Cilindro\u00a0donde se definir\u00e1 quien pasar\u00e1 a las semifinales<\/p>\n\n\n\n<p>De esta manera habr\u00e1 que ver si los dirigidos por\u00a0Gustavos Costas\u00a0pueden empezar a enderezar el rumbo y dar vuelta la serie tras el 1-0 la semana pasada en\u00a0Brasil\u00a0o si\u00a0Gonz\u00e1lez\u00a0logra tener un gran debut con la clasificaci\u00f3n a las semifinales del torneo continental.<\/p>\n","protected":false},"excerpt":{"rendered":"<p>El entrenador argentino tendr\u00e1 su segundo paso por el conjunto de Curitiba y tendr\u00e1 su debut en la vuelta de los cuartos de final de Copa Sudamericana. En cuesti\u00f3n de horas,\u00a0Athletico Paranaense\u00a0anunci\u00f3 la salida de\u00a0Martin Varini en la noche del lunes y hace instantes confirm\u00f3 que su reemplazante ser\u00e1\u00a0Lu\u00eds Gonz\u00e1lez. A pesar de que se [&hellip;]<\/p>\n","protected":false},"author":2,"featured_media":11167,"comment_status":"open","ping_status":"open","sticky":false,"template":"","format":"standard","meta":{"footnotes":""},"categories":[14],"tags":[],"_links":{"self":[{"href":"https:\/\/enlamira.info\/index.php\/wp-json\/wp\/v2\/posts\/11165"}],"collection":[{"href":"https:\/\/enlamira.info\/index.php\/wp-json\/wp\/v2\/posts"}],"about":[{"href":"https:\/\/enlamira.info\/index.php\/wp-json\/wp\/v2\/types\/post"}],"author":[{"embeddable":true,"href":"https:\/\/enlamira.info\/index.php\/wp-json\/wp\/v2\/users\/2"}],"replies":[{"embeddable":true,"href":"https:\/\/enlamira.info\/index.php\/wp-json\/wp\/v2\/comments?post=11165"}],"version-history":[{"count":1,"href":"https:\/\/enlamira.info\/index.php\/wp-json\/wp\/v2\/posts\/11165\/revisions"}],"predecessor-version":[{"id":11166,"href":"https:\/\/enlamira.info\/index.php\/wp-json\/wp\/v2\/posts\/11165\/revisions\/11166"}],"wp:featuredmedia":[{"embeddable":true,"href":"https:\/\/enlamira.info\/index.php\/wp-json\/wp\/v2\/media\/11167"}],"wp:attachment":[{"href":"https:\/\/enlamira.info\/index.php\/wp-json\/wp\/v2\/media?parent=11165"}],"wp:term":[{"taxonomy":"category","embeddable":true,"href":"https:\/\/enlamira.info\/index.php\/wp-json\/wp\/v2\/categories?post=11165"},{"taxonomy":"post_tag","embeddable":true,"href":"https:\/\/enlamira.info\/index.php\/wp-json\/wp\/v2\/tags?post=11165"}],"curies":[{"name":"wp","href":"https:\/\/api.w.org\/{rel}","templated":true}]}}