{"id":11150,"date":"2024-09-24T21:26:06","date_gmt":"2024-09-25T00:26:06","guid":{"rendered":"https:\/\/enlamira.info\/?p=11150"},"modified":"2024-09-24T21:58:16","modified_gmt":"2024-09-25T00:58:16","slug":"barcelona-se-contacto-con-un-arquero-retirado-tras-la-lesion-de-marc-andre-ter-stegen","status":"publish","type":"post","link":"https:\/\/enlamira.info\/index.php\/2024\/09\/24\/barcelona-se-contacto-con-un-arquero-retirado-tras-la-lesion-de-marc-andre-ter-stegen\/","title":{"rendered":"Barcelona se contact\u00f3 con un arquero retirado tras la lesi\u00f3n de Marc-Andr\u00e9 ter Stegen"},"content":{"rendered":"\n<p>El arquero alem\u00e1n sufri\u00f3 una grave lesi\u00f3n el pasado fin de semana ante el Villarreal y estar\u00e1 out los pr\u00f3ximos ocho meses.<\/p>\n\n\n\n<p>Se dio una curiosa situaci\u00f3n en\u00a0Barcelona\u00a0en las \u00faltimas horas: el club catal\u00e1n\u00a0se contact\u00f3 con un arquero retirado para suplir a Marc-Andr\u00e9 ter Stegen,\u00a0el arquero titular en los \u00faltimos 10 a\u00f1os y actual capit\u00e1n del plantel. \u00bfQui\u00e9n es el potencial refuerzo?<\/p>\n\n\n\n<p>El alem\u00e1n sufri\u00f3 la\u00a0rotura del tend\u00f3n rotuliano\u00a0de su pierna derecha el pasado domingo frente al Villarreal. El lunes Ter Stegen fue intervenido quir\u00fargicamente y ya se sabe\u00a0estar\u00e1 ausente\u00a0de las canchas\u00a0durante los pr\u00f3ximos ocho meses.\u00a0<\/p>\n\n\n\n<p>El apuntado para reforzar el arco del Bar\u00e7a es\u00a0Wojciech Szcz\u0119sny, de 34 a\u00f1os, quien se\u00a0recientemente le puso fin a su carrera tras acabar contrato con la\u00a0Juventus,\u00a0seg\u00fan el portal\u00a0<em>Meczyki<\/em>. El polaco tiene un curr\u00edculum envidiable a nivel clubes: Arsenal, Brentford, AS Roma y La Vecchia Signora.<\/p>\n\n\n\n<p>Szcz\u0119sny disput\u00f3 los Mundiales Rusi\u0105 2018 y Qatar 2022 con la Selecci\u00f3n de Polonia. En la \u00faltima Copa del Mundo comparti\u00f3 grupo con la Selecci\u00f3n Argentina y el guardameta&nbsp;<strong>se dio el lujo de atajarle un penal a Messi<\/strong>&nbsp;en el primer tiempo, en lo que despu\u00e9s fue derrota de los europeos 0-2 ante<em>&nbsp;La Scaloneta.<\/em><\/p>\n\n\n\n<h3 class=\"wp-block-heading\">El primer mensaje de Ter Stegen<\/h3>\n\n\n\n<p>Despu\u00e9s de la operaci\u00f3n Ter Stegen escribi\u00f3 su primer mensaje v\u00eda Instagram: \u201cMe siento realmente agradecido a todos los fans del Bar\u00e7a, compa\u00f1eros de equipo, rivales, clubes y amigos por el apoyo y el amor que me hab\u00e9is mostrado desde el domingo\u201d.<\/p>\n\n\n\n<p>Tambi\u00e9n les agradeci\u00f3 a los fan\u00e1ticos locales en La Cer\u00e1mica por haberlo ovacionado mientras lo retiraban en camilla: \u201cQuiero dar las gracias a los seguidores del Villarreal por su respeto mostrado en el estadio, significa mucho para m\u00ed\u201d.<\/p>\n","protected":false},"excerpt":{"rendered":"<p>El arquero alem\u00e1n sufri\u00f3 una grave lesi\u00f3n el pasado fin de semana ante el Villarreal y estar\u00e1 out los pr\u00f3ximos ocho meses. Se dio una curiosa situaci\u00f3n en\u00a0Barcelona\u00a0en las \u00faltimas horas: el club catal\u00e1n\u00a0se contact\u00f3 con un arquero retirado para suplir a Marc-Andr\u00e9 ter Stegen,\u00a0el arquero titular en los \u00faltimos 10 a\u00f1os y actual capit\u00e1n [&hellip;]<\/p>\n","protected":false},"author":2,"featured_media":11153,"comment_status":"open","ping_status":"open","sticky":false,"template":"","format":"standard","meta":{"footnotes":""},"categories":[14],"tags":[],"_links":{"self":[{"href":"https:\/\/enlamira.info\/index.php\/wp-json\/wp\/v2\/posts\/11150"}],"collection":[{"href":"https:\/\/enlamira.info\/index.php\/wp-json\/wp\/v2\/posts"}],"about":[{"href":"https:\/\/enlamira.info\/index.php\/wp-json\/wp\/v2\/types\/post"}],"author":[{"embeddable":true,"href":"https:\/\/enlamira.info\/index.php\/wp-json\/wp\/v2\/users\/2"}],"replies":[{"embeddable":true,"href":"https:\/\/enlamira.info\/index.php\/wp-json\/wp\/v2\/comments?post=11150"}],"version-history":[{"count":1,"href":"https:\/\/enlamira.info\/index.php\/wp-json\/wp\/v2\/posts\/11150\/revisions"}],"predecessor-version":[{"id":11151,"href":"https:\/\/enlamira.info\/index.php\/wp-json\/wp\/v2\/posts\/11150\/revisions\/11151"}],"wp:featuredmedia":[{"embeddable":true,"href":"https:\/\/enlamira.info\/index.php\/wp-json\/wp\/v2\/media\/11153"}],"wp:attachment":[{"href":"https:\/\/enlamira.info\/index.php\/wp-json\/wp\/v2\/media?parent=11150"}],"wp:term":[{"taxonomy":"category","embeddable":true,"href":"https:\/\/enlamira.info\/index.php\/wp-json\/wp\/v2\/categories?post=11150"},{"taxonomy":"post_tag","embeddable":true,"href":"https:\/\/enlamira.info\/index.php\/wp-json\/wp\/v2\/tags?post=11150"}],"curies":[{"name":"wp","href":"https:\/\/api.w.org\/{rel}","templated":true}]}}