{"id":1113,"date":"2024-03-14T11:37:22","date_gmt":"2024-03-14T14:37:22","guid":{"rendered":"https:\/\/enlamira.info\/?p=1113"},"modified":"2024-03-14T11:49:08","modified_gmt":"2024-03-14T14:49:08","slug":"dnu-el-gobierno-acuso-a-victoria-villarruel-de-avanzar-con-una-agenda-propia-e-inconsulta","status":"publish","type":"post","link":"https:\/\/enlamira.info\/index.php\/2024\/03\/14\/dnu-el-gobierno-acuso-a-victoria-villarruel-de-avanzar-con-una-agenda-propia-e-inconsulta\/","title":{"rendered":"DNU: el Gobierno acus\u00f3 a Victoria Villarruel de avanzar con una \u201cagenda propia e inconsulta\u201d"},"content":{"rendered":"\n<p>La Oficina del Presidente emiti\u00f3 un comunicado en el que cuestiona a la vicepresidenta por aceptar el tratamiento del decreto para la desregulaci\u00f3n de la econom\u00eda en la sesi\u00f3n del Senado.<\/p>\n\n\n\n<p>A trav\u00e9s de un reciente comunicado, el\u00a0Gobierno\u00a0critic\u00f3 a la vicepresidenta\u00a0Victoria Villarruel\u00a0por convocar una sesi\u00f3n en el Senado para debatir el DNU de Javier Milei, acus\u00e1ndola de avanzar con una \u201cagenda propia e inconsulta\u201d.\u00a0<\/p>\n\n\n\n<p>El escrito, emitido por la Oficina del Presidente, inst\u00f3 a la titular de la C\u00e1mara Alta a no dejarse \u201ccautivar por el canto de sirena de quienes pretenden anotarse victorias de corto plazo en detrimento del futuro\u201d.<\/p>\n\n\n\n<p>\u201cEn la previa a la firma conjunta del Pacto de Mayo, la Oficina del Presidente expresa su\u00a0preocupaci\u00f3n por la decisi\u00f3n unilateral de algunos sectores de la clase pol\u00edtica que pretenden avanzar con una agenda propia e inconsulta, a fin de entorpecer las negociaciones y el di\u00e1logo entre los distintos sectores de la dirigencia pol\u00edtica\u201d, dice el texto.<\/p>\n\n\n\n<p>Y remarca:\u00a0\u201cTanto el tratamiento apresurado del DNU 70\/23 como la iniciativa de promover una f\u00f3rmula jubilatoria sin consenso violentan el esp\u00edritu de acuerdo promovido por el Presidente en su convocatoria al Pacto de Mayo\u201d.<\/p>\n\n\n\n<p>\u201cEl potencial rechazo del DNU, que actualmente se encuentra pr\u00f3ximo a una definici\u00f3n de la Corte Suprema, conllevar\u00eda un grave retroceso en los derechos y necesidades del pueblo argentino, implicando, por ejemplo, el regreso de la Ley de Alquileres, el retorno al sistema r\u00edgido de obras sociales sindicales, el sostenimiento del modelo corrupto de los Registros Automotor, y la anulaci\u00f3n de la pol\u00edtica de cielos abiertos, entre otras\u201d, advirti\u00f3 el presidente.<\/p>\n\n\n\n<p>\u201cEl Gobierno Nacional espera\u00a0que el Poder Legislativo no se deje cautivar por el canto de sirena de quienes pretenden \u201canotarse\u201d victorias de corto plazo\u00a0en detrimento del futuro de los 45 millones de argentinos\u201d, recalc\u00f3.\u00a0<\/p>\n\n\n\n<p>A modo de cierre, el Presidente agradeci\u00f3 a aquellos legisladores que, \u201ccomprometidos con los intereses de la Patria y la senda del cambio, no se prestan al juego perverso de aquellos que han decidido deliberadamente entorpecer el desarrollo de la Naci\u00f3n\u201d.<\/p>\n\n\n\n<p>\u201cIndependientemente de cualquier resultado legislativo, el Poder Ejecutivo reafirma su compromiso inquebrantable con el d\u00e9ficit 0%, dejando atr\u00e1s las recetas fracasadas de la casta pol\u00edtica y avanzando decididamente hacia el camino de la prosperidad y la grandeza de la Naci\u00f3n Argentina\u201d, concluye el escrito.<\/p>\n\n\n\n<p>El malestar en el Gobierno con la titular de la\u00a0C\u00e1mara Alta\u00a0est\u00e1 en aumento debido a la convocatoria para debatir el mega DNU de desregulaci\u00f3n econ\u00f3mica. En este sentido, el entorno del presidente cuestion\u00f3 esta decisi\u00f3n ya que consideran que puede exponer la debilidad del Gobierno en t\u00e9rminos legislativos.<\/p>\n\n\n\n<p>Villarruel hab\u00eda evitado durante varias semanas los\u00a0pedidos para sesionar\u00a0que hicieron desde el bloque de Uni\u00f3n por la Patria y otros bloques federales, pero finalmente decidi\u00f3 convocar la sesi\u00f3n para este jueves.\u00a0<\/p>\n\n\n\n<p>El bloque de Uni\u00f3n por la Patria, que es la primera minor\u00eda en la C\u00e1mara Alta con 33 legisladores, est\u00e1 a solo cuatro voluntades del qu\u00f3rum necesario para tratar el temario. El peronismo, con la colaboraci\u00f3n de varios senadores provinciales y de algunos radicales d\u00edscolos, pretende\u00a0rechazar el DNU de desregulaci\u00f3n econ\u00f3mica\u00a0que decret\u00f3 Milei.\u00a0<\/p>\n\n\n\n<p>Aunque el riesgo legal para el Gobierno es bajo, ya que para derogar el DNU la oposici\u00f3n necesita que tambi\u00e9n sea rechazado en Diputados, la decisi\u00f3n de Villarruel representa un riesgo pol\u00edtico porque puede exponer la dificultad del Ejecutivo para negociar con la\u00a0oposici\u00f3n\u00a0y generar un rebote en la C\u00e1mara Baja.<\/p>\n","protected":false},"excerpt":{"rendered":"<p>La Oficina del Presidente emiti\u00f3 un comunicado en el que cuestiona a la vicepresidenta por aceptar el tratamiento del decreto para la desregulaci\u00f3n de la econom\u00eda en la sesi\u00f3n del Senado. A trav\u00e9s de un reciente comunicado, el\u00a0Gobierno\u00a0critic\u00f3 a la vicepresidenta\u00a0Victoria Villarruel\u00a0por convocar una sesi\u00f3n en el Senado para debatir el DNU de Javier Milei, [&hellip;]<\/p>\n","protected":false},"author":2,"featured_media":1115,"comment_status":"open","ping_status":"open","sticky":false,"template":"","format":"standard","meta":{"footnotes":""},"categories":[20],"tags":[],"_links":{"self":[{"href":"https:\/\/enlamira.info\/index.php\/wp-json\/wp\/v2\/posts\/1113"}],"collection":[{"href":"https:\/\/enlamira.info\/index.php\/wp-json\/wp\/v2\/posts"}],"about":[{"href":"https:\/\/enlamira.info\/index.php\/wp-json\/wp\/v2\/types\/post"}],"author":[{"embeddable":true,"href":"https:\/\/enlamira.info\/index.php\/wp-json\/wp\/v2\/users\/2"}],"replies":[{"embeddable":true,"href":"https:\/\/enlamira.info\/index.php\/wp-json\/wp\/v2\/comments?post=1113"}],"version-history":[{"count":2,"href":"https:\/\/enlamira.info\/index.php\/wp-json\/wp\/v2\/posts\/1113\/revisions"}],"predecessor-version":[{"id":1117,"href":"https:\/\/enlamira.info\/index.php\/wp-json\/wp\/v2\/posts\/1113\/revisions\/1117"}],"wp:featuredmedia":[{"embeddable":true,"href":"https:\/\/enlamira.info\/index.php\/wp-json\/wp\/v2\/media\/1115"}],"wp:attachment":[{"href":"https:\/\/enlamira.info\/index.php\/wp-json\/wp\/v2\/media?parent=1113"}],"wp:term":[{"taxonomy":"category","embeddable":true,"href":"https:\/\/enlamira.info\/index.php\/wp-json\/wp\/v2\/categories?post=1113"},{"taxonomy":"post_tag","embeddable":true,"href":"https:\/\/enlamira.info\/index.php\/wp-json\/wp\/v2\/tags?post=1113"}],"curies":[{"name":"wp","href":"https:\/\/api.w.org\/{rel}","templated":true}]}}