{"id":11128,"date":"2024-09-23T22:53:44","date_gmt":"2024-09-24T01:53:44","guid":{"rendered":"https:\/\/enlamira.info\/?p=11128"},"modified":"2024-09-23T23:03:35","modified_gmt":"2024-09-24T02:03:35","slug":"la-confianza-en-el-gobierno-de-javier-milei-cayo-drasticamente-casi-15-en-un-mes","status":"publish","type":"post","link":"https:\/\/enlamira.info\/index.php\/2024\/09\/23\/la-confianza-en-el-gobierno-de-javier-milei-cayo-drasticamente-casi-15-en-un-mes\/","title":{"rendered":"La confianza en el gobierno de Javier Milei cay\u00f3 dr\u00e1sticamente: casi 15% en un mes"},"content":{"rendered":"\n<p>La informaci\u00f3n surge de un estudio que la Universidad Torcuato Di Tella realiza desde 2001.<\/p>\n\n\n\n<p>La confianza en el\u00a0gobierno\u00a0de Javier Milei experiment\u00f3 una\u00a0ca\u00edda\u00a0significativa\u00a0durante el mes de septiembre, seg\u00fan el \u00edndice de confianza gubernamental (ICG) elaborado por la Universidad Torcuato Di Tella. El informe revel\u00f3 una\u00a0disminuci\u00f3n del 14,8%\u00a0en comparaci\u00f3n con agosto, posicion\u00e1ndose en 2,16 puntos sobre una escala de 0 a 5, el nivel m\u00e1s bajo registrado desde que Milei asumi\u00f3 la presidencia.<\/p>\n\n\n\n<p>El estudio, que mide expectativas sobre la\u00a0econom\u00eda, evaluaci\u00f3n de la gesti\u00f3n, eficiencia en el gasto p\u00fablico, honestidad de los funcionarios y capacidad para resolver los problemas del pa\u00eds, indic\u00f3 que las ca\u00eddas m\u00e1s pronunciadas se dieron en la\u00a0preocupaci\u00f3n por el inter\u00e9s general\u00a0(-16,7%)\u00a0y en la eficiencia del gasto p\u00fablico\u00a0(-18%). Adem\u00e1s, la honestidad de los funcionarios y la capacidad de resoluci\u00f3n de problemas tambi\u00e9n sufrieron descensos considerables.<\/p>\n\n\n\n<p>En comparaci\u00f3n con gestiones anteriores, el \u00edndice de confianza de Milei mostr\u00f3 un\u00a0comportamiento similar al de los ex presidentes Mauricio Macri y Alberto Fern\u00e1ndez\u00a0en sus primeros diez meses de mandato. Sin embargo, la ca\u00edda de Milei fue m\u00e1s abrupta, ubic\u00e1ndose un 16,6% por debajo de la medici\u00f3n de septiembre de 2016, en los primeros meses del gobierno de Macri, y un 4,6% menos que la de septiembre de 2020, bajo la\u00a0gesti\u00f3n\u00a0de Fern\u00e1ndez.<\/p>\n\n\n\n<p>El informe destac\u00f3 que el nivel de confianza fue mayor entre los hombres, los j\u00f3venes de entre 18 y 29 a\u00f1os, y aquellos con estudios terciarios o universitarios. Tambi\u00e9n fue m\u00e1s alto entre quienes residen en el interior del pa\u00eds y quienes no fueron v\u00edctimas de delitos en el \u00faltimo a\u00f1o. La encuesta, realizada por Poliarqu\u00eda Consultores, abarc\u00f3 a m\u00e1s de mil personas mayores de 18 a\u00f1os en localidades de m\u00e1s de 10.000 habitantes.<\/p>\n\n\n\n<p>El ICG, que se publica de manera mensual desde 2001, contin\u00faa siendo una referencia clave para evaluar el cr\u00e9dito y la confianza en el Gobierno. Aunque Milei tuvo un pico de expectativas al comienzo de su gesti\u00f3n,\u00a0la tendencia\u00a0descendente\u00a0comenz\u00f3 a acentuarse desde mayo.<\/p>\n","protected":false},"excerpt":{"rendered":"<p>La informaci\u00f3n surge de un estudio que la Universidad Torcuato Di Tella realiza desde 2001. La confianza en el\u00a0gobierno\u00a0de Javier Milei experiment\u00f3 una\u00a0ca\u00edda\u00a0significativa\u00a0durante el mes de septiembre, seg\u00fan el \u00edndice de confianza gubernamental (ICG) elaborado por la Universidad Torcuato Di Tella. El informe revel\u00f3 una\u00a0disminuci\u00f3n del 14,8%\u00a0en comparaci\u00f3n con agosto, posicion\u00e1ndose en 2,16 puntos sobre [&hellip;]<\/p>\n","protected":false},"author":2,"featured_media":11130,"comment_status":"open","ping_status":"open","sticky":false,"template":"","format":"standard","meta":{"footnotes":""},"categories":[20],"tags":[],"_links":{"self":[{"href":"https:\/\/enlamira.info\/index.php\/wp-json\/wp\/v2\/posts\/11128"}],"collection":[{"href":"https:\/\/enlamira.info\/index.php\/wp-json\/wp\/v2\/posts"}],"about":[{"href":"https:\/\/enlamira.info\/index.php\/wp-json\/wp\/v2\/types\/post"}],"author":[{"embeddable":true,"href":"https:\/\/enlamira.info\/index.php\/wp-json\/wp\/v2\/users\/2"}],"replies":[{"embeddable":true,"href":"https:\/\/enlamira.info\/index.php\/wp-json\/wp\/v2\/comments?post=11128"}],"version-history":[{"count":1,"href":"https:\/\/enlamira.info\/index.php\/wp-json\/wp\/v2\/posts\/11128\/revisions"}],"predecessor-version":[{"id":11129,"href":"https:\/\/enlamira.info\/index.php\/wp-json\/wp\/v2\/posts\/11128\/revisions\/11129"}],"wp:featuredmedia":[{"embeddable":true,"href":"https:\/\/enlamira.info\/index.php\/wp-json\/wp\/v2\/media\/11130"}],"wp:attachment":[{"href":"https:\/\/enlamira.info\/index.php\/wp-json\/wp\/v2\/media?parent=11128"}],"wp:term":[{"taxonomy":"category","embeddable":true,"href":"https:\/\/enlamira.info\/index.php\/wp-json\/wp\/v2\/categories?post=11128"},{"taxonomy":"post_tag","embeddable":true,"href":"https:\/\/enlamira.info\/index.php\/wp-json\/wp\/v2\/tags?post=11128"}],"curies":[{"name":"wp","href":"https:\/\/api.w.org\/{rel}","templated":true}]}}