{"id":11118,"date":"2024-09-23T22:50:28","date_gmt":"2024-09-24T01:50:28","guid":{"rendered":"https:\/\/enlamira.info\/?p=11118"},"modified":"2024-09-23T23:05:13","modified_gmt":"2024-09-24T02:05:13","slug":"la-liga-gio-lo-celso-hizo-el-gol-de-la-jornada-en-la-derrota-del-betis","status":"publish","type":"post","link":"https:\/\/enlamira.info\/index.php\/2024\/09\/23\/la-liga-gio-lo-celso-hizo-el-gol-de-la-jornada-en-la-derrota-del-betis\/","title":{"rendered":"La Liga: Gio Lo Celso hizo el gol de la jornada en la derrota del Betis"},"content":{"rendered":"\n<p>El mediocampista argentino volvi\u00f3 a marcar en el campeonato espa\u00f1ol. Ven\u00eda de marcarle un doblete al Getafe.<\/p>\n\n\n\n<p>Giovani Lo Celso decididamente hizo el mejor gol del lunes en la derrota del Real Betis.\u00a0El volante argentino abri\u00f3 la cuenta para su equipo en el Estadio Benito Villamar\u00edn, pero\u00a0finalmente el Mallorca se llev\u00f3 el triunfo por 2-1 en tiempo de descuento.<\/p>\n\n\n\n<p><em>Gio<\/em>\u00a0sac\u00f3 un\u00a0zurdazo desde la medialuna del \u00e1rea imposible\u00a0para el arquero Greif\u00a0a los 7\u2032 minutos. Lo ins\u00f3lito fue que la ventaja del equipo de Mauricio Pellegrini apenas dur\u00f3 un minuto porque en la siguiente jugada Mallorca volvi\u00f3 a igualar el marcador (Dani Rodr\u00edguez).<\/p>\n\n\n\n<p>A los 93\u2032 minutos fue el tanto ag\u00f3nico de Valery para la victoria del Mallorca, que escal\u00f3 a la quinta posici\u00f3n del campeonato. Actualmente el equipo de Jagoba Arrasate qued\u00f3 solo por detr\u00e1s del Barcelona, Real Madrid, Athletic Club y Atl\u00e9tico de Madrid.<\/p>\n\n\n\n<p>Adem\u00e1s de Lo Celso,\u00a0<em>Chimy<\/em>\u00a0\u00c1vila fue el otro argentino titular\u00a0en el equipo sevillano. El rosarino escribi\u00f3 en sus redes sociales acerca del partido sin mencionar el gol por la decepcionante derrota: \u201cSabor amargo por el resultado final. \u00a1Gran esfuerzo de todo el equipo! A dar vuelta la p\u00e1gina r\u00e1pido y pensar en el pr\u00f3ximo partido\u201d.<\/p>\n\n\n\n<p>Lo Celso, con el arco abierto. El mediocampista de Rosario Central viene de hacer un\u00a0doblete ante el Getafe en su\u00a0regreso\u00a0al equipo andaluz.<\/p>\n\n\n\n<h3 class=\"wp-block-heading\">Los pr\u00f3ximos partidos del Betis<\/h3>\n\n\n\n<ul>\n<li>26 de septiembre: Las Palmas vs Betis (LaLiga)<\/li>\n\n\n\n<li>29 de septiembre: Betis vs. Espanyol (LaLiga)<\/li>\n\n\n\n<li>3 de octubre: Legia de Varsovia vs. Betis (Conference League)<\/li>\n<\/ul>\n","protected":false},"excerpt":{"rendered":"<p>El mediocampista argentino volvi\u00f3 a marcar en el campeonato espa\u00f1ol. Ven\u00eda de marcarle un doblete al Getafe. Giovani Lo Celso decididamente hizo el mejor gol del lunes en la derrota del Real Betis.\u00a0El volante argentino abri\u00f3 la cuenta para su equipo en el Estadio Benito Villamar\u00edn, pero\u00a0finalmente el Mallorca se llev\u00f3 el triunfo por 2-1 [&hellip;]<\/p>\n","protected":false},"author":2,"featured_media":11120,"comment_status":"open","ping_status":"open","sticky":false,"template":"","format":"standard","meta":{"footnotes":""},"categories":[14],"tags":[],"_links":{"self":[{"href":"https:\/\/enlamira.info\/index.php\/wp-json\/wp\/v2\/posts\/11118"}],"collection":[{"href":"https:\/\/enlamira.info\/index.php\/wp-json\/wp\/v2\/posts"}],"about":[{"href":"https:\/\/enlamira.info\/index.php\/wp-json\/wp\/v2\/types\/post"}],"author":[{"embeddable":true,"href":"https:\/\/enlamira.info\/index.php\/wp-json\/wp\/v2\/users\/2"}],"replies":[{"embeddable":true,"href":"https:\/\/enlamira.info\/index.php\/wp-json\/wp\/v2\/comments?post=11118"}],"version-history":[{"count":1,"href":"https:\/\/enlamira.info\/index.php\/wp-json\/wp\/v2\/posts\/11118\/revisions"}],"predecessor-version":[{"id":11119,"href":"https:\/\/enlamira.info\/index.php\/wp-json\/wp\/v2\/posts\/11118\/revisions\/11119"}],"wp:featuredmedia":[{"embeddable":true,"href":"https:\/\/enlamira.info\/index.php\/wp-json\/wp\/v2\/media\/11120"}],"wp:attachment":[{"href":"https:\/\/enlamira.info\/index.php\/wp-json\/wp\/v2\/media?parent=11118"}],"wp:term":[{"taxonomy":"category","embeddable":true,"href":"https:\/\/enlamira.info\/index.php\/wp-json\/wp\/v2\/categories?post=11118"},{"taxonomy":"post_tag","embeddable":true,"href":"https:\/\/enlamira.info\/index.php\/wp-json\/wp\/v2\/tags?post=11118"}],"curies":[{"name":"wp","href":"https:\/\/api.w.org\/{rel}","templated":true}]}}