{"id":1109,"date":"2024-03-14T11:35:59","date_gmt":"2024-03-14T14:35:59","guid":{"rendered":"https:\/\/enlamira.info\/?p=1109"},"modified":"2024-03-14T11:50:15","modified_gmt":"2024-03-14T14:50:15","slug":"rosario-cuneo-libarona-presento-una-serie-de-medidas-para-combatir-el-narcotrafico","status":"publish","type":"post","link":"https:\/\/enlamira.info\/index.php\/2024\/03\/14\/rosario-cuneo-libarona-presento-una-serie-de-medidas-para-combatir-el-narcotrafico\/","title":{"rendered":"Rosario: C\u00faneo Libarona present\u00f3 una serie de medidas para combatir el narcotr\u00e1fico"},"content":{"rendered":"\n<p>Entre las acciones anunciadas por el ministro, se incluye un proyecto de Ley de Extinci\u00f3n de Dominio y se propone cubrir vacantes de jueces y fiscales.<\/p>\n\n\n\n<p>Este mi\u00e9rcoles, el\u00a0ministro de Justicia, Mariano C\u00faneo Libarona, present\u00f3 una bater\u00eda de acciones que buscan\u00a0combatir la ola de violencia\u00a0en\u00a0Rosario.\u00a0A trav\u00e9s de un comunicado, el ministro sostuvo que ante la \u201cla firme decisi\u00f3n\u201d de Javier Milei de erradicar el narcotr\u00e1fico, la cartera que conduce llevar\u00e1 adelante \u201cacciones concretas con el objetivo de colaborar en la resoluci\u00f3n de esta problem\u00e1tica\u201d. \u201cEl Gobierno Nacional est\u00e1 decidido a enfrentar a la mafia del narcotr\u00e1fico. Con estas medidas le daremos un golpe a su coraz\u00f3n\u201d, asegur\u00f3.<\/p>\n\n\n\n<p>En este contexto,\u00a0anticip\u00f3 que el oficialismo enviar\u00e1 al Congreso un\u00a0proyecto de Ley de Extinci\u00f3n de Dominio\u00a0en respuesta a la\u00a0crisis de seguridad\u00a0que enfrenta la provincia de Santa Fe actualmente. Cabe recordar que, durante la gesti\u00f3n de Mauricio Macri, se debati\u00f3 una propuesta similar que inclu\u00eda la extinci\u00f3n de la propiedad de funcionarios con procesamiento firme en casos de corrupci\u00f3n, pero fue bloqueada por el kirchnerismo.<\/p>\n\n\n\n<p>C\u00faneo Libarona se comprometi\u00f3 a acelerar \u201clos procesos de decomiso y remate de bienes provenientes del narcotr\u00e1fico\u201d y fortalecer la delegaci\u00f3n de Rosario de la Unidad de Informaci\u00f3n Financiera (UIF), que hab\u00eda sido retrasada por el gobierno de\u00a0Alberto Fern\u00e1ndez. \u201cEnviamos nuevos agentes de respaldo para verificar y secuestrar sus bienes il\u00edcitos\u201d, agreg\u00f3.<\/p>\n\n\n\n<p>Asimismo, el ministro buscar\u00e1\u00a0implementar el Sistema Acusatorio en Santa Fe, luego de que un DNU le sac\u00f3 esa facultad del Congreso. A partir de esta medida, las investigaciones, como ya se hace en Salta y Jujuy, estar\u00edan a cargo de fiscales federales.<\/p>\n\n\n\n<p>Por otra parte, C\u00faneo Libarona dijo que \u201cel Ministerio P\u00fablico Fiscal debe hacerse cargo de investigaciones m\u00e1s complejas, con su reconocido esfuerzo\u201d, en un mensaje al Procurador General de la Naci\u00f3n Eduardo Casal.<\/p>\n\n\n\n<p>En el mismo escrito, el funcionario anunci\u00f3 la\u00a0creaci\u00f3n de una comisi\u00f3n redactora para incorporar, en una eventual reforma del\u00a0C\u00f3digo Penal, \u201cnuevas conductas punibles y elevaci\u00f3n de las penas previstas para narcotr\u00e1fico, crimen organizado y delitos asociados\u201d.<\/p>\n\n\n\n<p>El Gobierno, a su vez, incluy\u00f3 en la comisi\u00f3n reformadora el cupo femenino con tres mujeres, entre sus integrantes como la jueza federal Mar\u00eda Eugenia Capuchetti y tambi\u00e9n al Presidente de la C\u00e1mara Federal de Casaci\u00f3n Penal Dr Mariano Borinsky.<\/p>\n\n\n\n<p>El ministro tambi\u00e9n se comprometi\u00f3 a\u00a0cubrir vacantes de jueces y fiscales federales en Santa Fe\u00a0y crear \u201cun espacio de trabajo f\u00edsico donde confluyan y trabajen con coordinaci\u00f3n las justicias federales, provinciales y las agencias de investigaci\u00f3n y seguridad\u201d.<\/p>\n","protected":false},"excerpt":{"rendered":"<p>Entre las acciones anunciadas por el ministro, se incluye un proyecto de Ley de Extinci\u00f3n de Dominio y se propone cubrir vacantes de jueces y fiscales. Este mi\u00e9rcoles, el\u00a0ministro de Justicia, Mariano C\u00faneo Libarona, present\u00f3 una bater\u00eda de acciones que buscan\u00a0combatir la ola de violencia\u00a0en\u00a0Rosario.\u00a0A trav\u00e9s de un comunicado, el ministro sostuvo que ante la [&hellip;]<\/p>\n","protected":false},"author":2,"featured_media":1111,"comment_status":"open","ping_status":"open","sticky":false,"template":"","format":"standard","meta":{"footnotes":""},"categories":[20],"tags":[],"_links":{"self":[{"href":"https:\/\/enlamira.info\/index.php\/wp-json\/wp\/v2\/posts\/1109"}],"collection":[{"href":"https:\/\/enlamira.info\/index.php\/wp-json\/wp\/v2\/posts"}],"about":[{"href":"https:\/\/enlamira.info\/index.php\/wp-json\/wp\/v2\/types\/post"}],"author":[{"embeddable":true,"href":"https:\/\/enlamira.info\/index.php\/wp-json\/wp\/v2\/users\/2"}],"replies":[{"embeddable":true,"href":"https:\/\/enlamira.info\/index.php\/wp-json\/wp\/v2\/comments?post=1109"}],"version-history":[{"count":2,"href":"https:\/\/enlamira.info\/index.php\/wp-json\/wp\/v2\/posts\/1109\/revisions"}],"predecessor-version":[{"id":1112,"href":"https:\/\/enlamira.info\/index.php\/wp-json\/wp\/v2\/posts\/1109\/revisions\/1112"}],"wp:featuredmedia":[{"embeddable":true,"href":"https:\/\/enlamira.info\/index.php\/wp-json\/wp\/v2\/media\/1111"}],"wp:attachment":[{"href":"https:\/\/enlamira.info\/index.php\/wp-json\/wp\/v2\/media?parent=1109"}],"wp:term":[{"taxonomy":"category","embeddable":true,"href":"https:\/\/enlamira.info\/index.php\/wp-json\/wp\/v2\/categories?post=1109"},{"taxonomy":"post_tag","embeddable":true,"href":"https:\/\/enlamira.info\/index.php\/wp-json\/wp\/v2\/tags?post=1109"}],"curies":[{"name":"wp","href":"https:\/\/api.w.org\/{rel}","templated":true}]}}