{"id":11082,"date":"2024-09-22T21:23:48","date_gmt":"2024-09-23T00:23:48","guid":{"rendered":"https:\/\/enlamira.info\/?p=11082"},"modified":"2024-09-22T21:35:09","modified_gmt":"2024-09-23T00:35:09","slug":"liga-profesional-con-uno-menos-talleres-le-gano-a-racing-en-el-mario-alberto-kempes","status":"publish","type":"post","link":"https:\/\/enlamira.info\/index.php\/2024\/09\/22\/liga-profesional-con-uno-menos-talleres-le-gano-a-racing-en-el-mario-alberto-kempes\/","title":{"rendered":"Liga Profesional: Con uno menos, Talleres le gan\u00f3 a Racing en el Mario Alberto Kempes"},"content":{"rendered":"\n<p>Con goles de Valentin Depietri y Cristian Tarragona, el conjunto dirigido por Alexander Medina super\u00f3 al de Gustavo Costas.<\/p>\n\n\n\n<p>El viaje de Racing a C\u00f3rdoba no sali\u00f3 nada bien: perdi\u00f3 con Talleres por 2-0 jugando todo el segundo tiempo con un jugador de m\u00e1s.\u00a0En la fecha 15 la Academia parece no engancharse -a pesar del\u00a0triunfo contra Boca\u2013 en la Liga Profesional por la irregularidad y las fichas ir\u00e1n todas a la Copa Sudamericana.<\/p>\n\n\n\n<p>Por eso mismo el conjunto de Avellaneda se present\u00f3 con\u00a0mayor\u00eda de suplentes\u00a0en el Mario Alberto Kempes. La semana que viene\u00a0recibir\u00e1 a Athletico Paranaense en el Cilindro con la obligaci\u00f3n de dar vuelta una serie\u00a0que\u00a0est\u00e1 0-1 por la derrota en Brasil.<\/p>\n\n\n\n<p><em>La T<\/em>\u00a0abri\u00f3 el marcador a los 17\u2032 minutos con un gol de Valent\u00edn\u00a0Depietri. Y pasados los 15\u2032 minutos el equipo del\u00a0<em>Cacique<\/em>\u00a0Medina (no pudo estar en el banco por suspensi\u00f3n) qued\u00f3 con un jugador menos en el campo de juego por la\u00a0expulsi\u00f3n de Franco Moyano.<\/p>\n\n\n\n<p>Racing no lo remont\u00f3 y ni siquiera empat\u00f3; adem\u00e1s, sufri\u00f3 el segundo tanto de Talleres a la hora de partido con la firma de Cristian\u00a0Tarragona. El propio\u00a0Gustavo Costas\u00a0en conferencia de prensa reconoci\u00f3 el mazazo del ex futbolista de San Lorenzo:\u00a0\u201cCon el \u00faltimo gol de ellos se termin\u00f3 el partido,\u00a0lo manejaron bien\u201d.<\/p>\n\n\n\n<p>\u201cAntes del segundo de ellos tuvimos esa clara de (Santiago) Solari con el rebote de Roger (Mart\u00ednez)\u201d, agreg\u00f3 el DT sobre las dos chances claras en la misma jugada de los delanteros de la Academia.<\/p>\n\n\n\n<p>Y lo ancl\u00f3 con lo sucedido en Curitiba: \u201cNos pas\u00f3 lo mismo en Brasil, dominamos y no hicimos goles\u201d. Racing y Costas tendr\u00e1n un partido definitorio el jueves 26 para dar vuelta el resultado y meterse nuevamente en las semifinales de un torneo internacional.<\/p>\n\n\n\n<h3 class=\"wp-block-heading\">Cuidando titulares: el 11 de Racing<\/h3>\n\n\n\n<p>Gabriel&nbsp;Arias; Leonardo&nbsp;Sigali, Germ\u00e1n&nbsp;Conti, Nazareno&nbsp;Colombo; Santiago&nbsp;Solari, Bruno&nbsp;Zuculini, Baltasar&nbsp;Rodr\u00edguez, Juan Manuel&nbsp;Elordi; Agust\u00edn&nbsp;Urzi, Roger&nbsp;Mart\u00ednez&nbsp;y Johan&nbsp;Carbonero.<\/p>\n","protected":false},"excerpt":{"rendered":"<p>Con goles de Valentin Depietri y Cristian Tarragona, el conjunto dirigido por Alexander Medina super\u00f3 al de Gustavo Costas. El viaje de Racing a C\u00f3rdoba no sali\u00f3 nada bien: perdi\u00f3 con Talleres por 2-0 jugando todo el segundo tiempo con un jugador de m\u00e1s.\u00a0En la fecha 15 la Academia parece no engancharse -a pesar del\u00a0triunfo [&hellip;]<\/p>\n","protected":false},"author":2,"featured_media":11084,"comment_status":"open","ping_status":"open","sticky":false,"template":"","format":"standard","meta":{"footnotes":""},"categories":[14],"tags":[],"_links":{"self":[{"href":"https:\/\/enlamira.info\/index.php\/wp-json\/wp\/v2\/posts\/11082"}],"collection":[{"href":"https:\/\/enlamira.info\/index.php\/wp-json\/wp\/v2\/posts"}],"about":[{"href":"https:\/\/enlamira.info\/index.php\/wp-json\/wp\/v2\/types\/post"}],"author":[{"embeddable":true,"href":"https:\/\/enlamira.info\/index.php\/wp-json\/wp\/v2\/users\/2"}],"replies":[{"embeddable":true,"href":"https:\/\/enlamira.info\/index.php\/wp-json\/wp\/v2\/comments?post=11082"}],"version-history":[{"count":1,"href":"https:\/\/enlamira.info\/index.php\/wp-json\/wp\/v2\/posts\/11082\/revisions"}],"predecessor-version":[{"id":11083,"href":"https:\/\/enlamira.info\/index.php\/wp-json\/wp\/v2\/posts\/11082\/revisions\/11083"}],"wp:featuredmedia":[{"embeddable":true,"href":"https:\/\/enlamira.info\/index.php\/wp-json\/wp\/v2\/media\/11084"}],"wp:attachment":[{"href":"https:\/\/enlamira.info\/index.php\/wp-json\/wp\/v2\/media?parent=11082"}],"wp:term":[{"taxonomy":"category","embeddable":true,"href":"https:\/\/enlamira.info\/index.php\/wp-json\/wp\/v2\/categories?post=11082"},{"taxonomy":"post_tag","embeddable":true,"href":"https:\/\/enlamira.info\/index.php\/wp-json\/wp\/v2\/tags?post=11082"}],"curies":[{"name":"wp","href":"https:\/\/api.w.org\/{rel}","templated":true}]}}