{"id":11035,"date":"2024-09-20T21:27:36","date_gmt":"2024-09-21T00:27:36","guid":{"rendered":"https:\/\/enlamira.info\/?p=11035"},"modified":"2024-09-20T21:35:42","modified_gmt":"2024-09-21T00:35:42","slug":"triunfazo-de-francisco-cerundolo-en-la-rod-laver-cup","status":"publish","type":"post","link":"https:\/\/enlamira.info\/index.php\/2024\/09\/20\/triunfazo-de-francisco-cerundolo-en-la-rod-laver-cup\/","title":{"rendered":"Triunfazo de Francisco Cer\u00fandolo en la Rod Laver Cup"},"content":{"rendered":"\n<p>El argentino venci\u00f3 en sets corridos al noruego Casper Ruud.<\/p>\n\n\n\n<p>Luego de obtener la\u00a0clasificaci\u00f3n con la Selecci\u00f3n Argentina a la fase final de la Copa Davis, el argentino tuvo su debut en Berl\u00edn en la Rod Laver Cup.<\/p>\n\n\n\n<p>En el inicio de la competencia que re\u00fane a los mejores raquetas del cirquito ATP -no reparte puntos para el ranking-\u00a0venci\u00f3 en sets corridos al noruego Casper Ruud: 6 \u2013 4 y 6 \u2013 4.\u00a0<\/p>\n\n\n\n<p>El porte\u00f1o integra el equipo\u00a0\u201cTeam World\u201d, que tiene como capit\u00e1n al m\u00edtico\u00a0John McEnroe. La victoria ante Ruud, parte del\u00a0\u201cTeam Europa\u201d\u00a0le dio el punto para el grupo de tenistas del resto del mundo.<\/p>\n\n\n\n<h3 class=\"wp-block-heading\"><strong>Resultados de la jornada<\/strong><\/h3>\n\n\n\n<p>El chileno Alejandro Tabilo,\u00a0compa\u00f1ero de equipo de Cer\u00fandolo, batall\u00f3 contra el experimentado tenista b\u00falgaro,\u00a0Grigor Dimitrov, pero no pudo en los tie-breaks:\u00a0<em>7-6 y 7 \u2013 6<\/em>\u00a0en favor del europeo.<\/p>\n\n\n\n<p>Quien no dio posibilidades fue el griego\u00a0Stefanos Tsitsispas\u00a0ante el australiano\u00a0Thanasis Kokkinakis\u00a0en Berl\u00edn: fue 6 \u2013 1 y 6 \u2013 4 en poco m\u00e1s de una hora y volvi\u00f3 a sumar para el Team Europa.<\/p>\n\n\n\n<p>Ante la mirada de Roger Federer en las gradas, la dupla europea de\u00a0Alexander Zverev y Carlos Alcaraz\u00a0enfrentan a los Nortemaericanos\u00a0Ben Shelton y Taylor Frtiz\u00a0en el dobles.<\/p>\n","protected":false},"excerpt":{"rendered":"<p>El argentino venci\u00f3 en sets corridos al noruego Casper Ruud. Luego de obtener la\u00a0clasificaci\u00f3n con la Selecci\u00f3n Argentina a la fase final de la Copa Davis, el argentino tuvo su debut en Berl\u00edn en la Rod Laver Cup. En el inicio de la competencia que re\u00fane a los mejores raquetas del cirquito ATP -no reparte [&hellip;]<\/p>\n","protected":false},"author":2,"featured_media":11037,"comment_status":"open","ping_status":"open","sticky":false,"template":"","format":"standard","meta":{"footnotes":""},"categories":[14],"tags":[],"_links":{"self":[{"href":"https:\/\/enlamira.info\/index.php\/wp-json\/wp\/v2\/posts\/11035"}],"collection":[{"href":"https:\/\/enlamira.info\/index.php\/wp-json\/wp\/v2\/posts"}],"about":[{"href":"https:\/\/enlamira.info\/index.php\/wp-json\/wp\/v2\/types\/post"}],"author":[{"embeddable":true,"href":"https:\/\/enlamira.info\/index.php\/wp-json\/wp\/v2\/users\/2"}],"replies":[{"embeddable":true,"href":"https:\/\/enlamira.info\/index.php\/wp-json\/wp\/v2\/comments?post=11035"}],"version-history":[{"count":1,"href":"https:\/\/enlamira.info\/index.php\/wp-json\/wp\/v2\/posts\/11035\/revisions"}],"predecessor-version":[{"id":11036,"href":"https:\/\/enlamira.info\/index.php\/wp-json\/wp\/v2\/posts\/11035\/revisions\/11036"}],"wp:featuredmedia":[{"embeddable":true,"href":"https:\/\/enlamira.info\/index.php\/wp-json\/wp\/v2\/media\/11037"}],"wp:attachment":[{"href":"https:\/\/enlamira.info\/index.php\/wp-json\/wp\/v2\/media?parent=11035"}],"wp:term":[{"taxonomy":"category","embeddable":true,"href":"https:\/\/enlamira.info\/index.php\/wp-json\/wp\/v2\/categories?post=11035"},{"taxonomy":"post_tag","embeddable":true,"href":"https:\/\/enlamira.info\/index.php\/wp-json\/wp\/v2\/tags?post=11035"}],"curies":[{"name":"wp","href":"https:\/\/api.w.org\/{rel}","templated":true}]}}