{"id":11032,"date":"2024-09-20T21:26:34","date_gmt":"2024-09-21T00:26:34","guid":{"rendered":"https:\/\/enlamira.info\/?p=11032"},"modified":"2024-09-20T21:36:12","modified_gmt":"2024-09-21T00:36:12","slug":"pep-guardiola-y-carlos-ancelotti-hablaron-sobre-la-huelga-de-futbolistas-que-dijeron-al-respecto","status":"publish","type":"post","link":"https:\/\/enlamira.info\/index.php\/2024\/09\/20\/pep-guardiola-y-carlos-ancelotti-hablaron-sobre-la-huelga-de-futbolistas-que-dijeron-al-respecto\/","title":{"rendered":"Pep Guardiola y Carlos Ancelotti hablaron sobre la huelga de futbolistas: \u00bfqu\u00e9 dijeron al respecto?"},"content":{"rendered":"\n<p>D\u00edas atr\u00e1s, Rodri se hab\u00eda pronunciado frente a la cantidad de partidos que afrontan los futbolistas y los pocos d\u00edas de descanso que tienen.<\/p>\n\n\n\n<p>El f\u00fatbol europeo est\u00e1 en la mira por los due\u00f1os de los espect\u00e1culos:\u00a0los futbolistas. A tal punto que el mediocampista espa\u00f1ol, Rodri, d\u00edas atr\u00e1s\u00a0 realiz\u00f3 declaraciones resonantes que hoy son el debate de discuci\u00f3n en el Viejo Continente<\/p>\n\n\n\n<p>Ante la pregunta de un periodista por la saturaci\u00f3n de partidos, el jugador del Manchester City advirti\u00f3:\u00a0\u201cEstamos a punto de ir a la huelga, no puedo decirte un d\u00eda exacto\u201d.\u00a0\u00a0<\/p>\n\n\n\n<p>Dos de los m\u00e1ximos exponentes entrenadores del mundo,\u00a0Carlos Ancelotti (Real Madrid) y Pep Guardiola (Manchester City), se han referido al tema en las \u00faltimas horas y han apoyado a sus dirigidos.<\/p>\n\n\n\n<p>Debido al poco descanso que tienen los futbolistas,\u00a0si tenemos en cuenta la competencia dom\u00e9stica que tienen con sus respectivos clubes y los llamados a las Selecciones Nacionales en las denominadas fechas FIFA, el calendario se hace chico ante la cantidad de partidos mensuales. Lo que hace imposible tener un buen descanso.<\/p>\n\n\n\n<p>\u201cQuiz\u00e1s por primera vez, much\u00edsimas voces est\u00e1n hablando sobre los jugadores.\u00a0Estoy bastante seguro de que si algo va a cambiar, ser\u00e1 por los futbolistas\u201d, reflexion\u00f3 el t\u00e9cnico del Manchester City. Quien alguna vez habl\u00f3 de que \u201ceste negocio puede funcionar sin entrenadores, directores deportivos o medios de comunicaci\u00f3n, pero sin jugadores no se puede jugar\u201d.<\/p>\n\n\n\n<p>El\u00a0<em>italiano<\/em>, t\u00e9cnico de la instituci\u00f3n m\u00e1s grande de Europa, sigui\u00f3 la l\u00ednea de su colega y llam\u00f3\u00a0a reflexionar en el mundo del f\u00fatbol para evitar menos lesiones.<\/p>\n","protected":false},"excerpt":{"rendered":"<p>D\u00edas atr\u00e1s, Rodri se hab\u00eda pronunciado frente a la cantidad de partidos que afrontan los futbolistas y los pocos d\u00edas de descanso que tienen. El f\u00fatbol europeo est\u00e1 en la mira por los due\u00f1os de los espect\u00e1culos:\u00a0los futbolistas. A tal punto que el mediocampista espa\u00f1ol, Rodri, d\u00edas atr\u00e1s\u00a0 realiz\u00f3 declaraciones resonantes que hoy son el [&hellip;]<\/p>\n","protected":false},"author":2,"featured_media":11034,"comment_status":"open","ping_status":"open","sticky":false,"template":"","format":"standard","meta":{"footnotes":""},"categories":[14],"tags":[],"_links":{"self":[{"href":"https:\/\/enlamira.info\/index.php\/wp-json\/wp\/v2\/posts\/11032"}],"collection":[{"href":"https:\/\/enlamira.info\/index.php\/wp-json\/wp\/v2\/posts"}],"about":[{"href":"https:\/\/enlamira.info\/index.php\/wp-json\/wp\/v2\/types\/post"}],"author":[{"embeddable":true,"href":"https:\/\/enlamira.info\/index.php\/wp-json\/wp\/v2\/users\/2"}],"replies":[{"embeddable":true,"href":"https:\/\/enlamira.info\/index.php\/wp-json\/wp\/v2\/comments?post=11032"}],"version-history":[{"count":1,"href":"https:\/\/enlamira.info\/index.php\/wp-json\/wp\/v2\/posts\/11032\/revisions"}],"predecessor-version":[{"id":11033,"href":"https:\/\/enlamira.info\/index.php\/wp-json\/wp\/v2\/posts\/11032\/revisions\/11033"}],"wp:featuredmedia":[{"embeddable":true,"href":"https:\/\/enlamira.info\/index.php\/wp-json\/wp\/v2\/media\/11034"}],"wp:attachment":[{"href":"https:\/\/enlamira.info\/index.php\/wp-json\/wp\/v2\/media?parent=11032"}],"wp:term":[{"taxonomy":"category","embeddable":true,"href":"https:\/\/enlamira.info\/index.php\/wp-json\/wp\/v2\/categories?post=11032"},{"taxonomy":"post_tag","embeddable":true,"href":"https:\/\/enlamira.info\/index.php\/wp-json\/wp\/v2\/tags?post=11032"}],"curies":[{"name":"wp","href":"https:\/\/api.w.org\/{rel}","templated":true}]}}