{"id":10983,"date":"2024-09-19T19:43:02","date_gmt":"2024-09-19T22:43:02","guid":{"rendered":"https:\/\/enlamira.info\/?p=10983"},"modified":"2024-09-19T19:59:29","modified_gmt":"2024-09-19T22:59:29","slug":"advincula-y-paulo-diaz-hablaron-en-la-previa-del-superclasico-es-un-50-y-50-para-cada-lado","status":"publish","type":"post","link":"https:\/\/enlamira.info\/index.php\/2024\/09\/19\/advincula-y-paulo-diaz-hablaron-en-la-previa-del-superclasico-es-un-50-y-50-para-cada-lado\/","title":{"rendered":"Adv\u00edncula y Paulo D\u00edaz hablaron en la previa del Supercl\u00e1sico: \u201cEs un 50 y 50 para cada lado\u201d"},"content":{"rendered":"\n<p>En una conferencia organizada por la Liga Profesional, los jugadores de Boca y River hablaron a d\u00edas de una nueva edici\u00f3n del cl\u00e1sico m\u00e1s importante del pa\u00eds.<\/p>\n\n\n\n<p>Durante el mediod\u00eda, la Liga Profesional organiz\u00f3 la conferencia de prensa habitual en la previa a los partidos importantes del torneo donde en esta ocasi\u00f3n\u00a0Paulo D\u00edaz y Lu\u00eds Adv\u00edncula\u00a0hablaron ante los medios para vivir lo que ser\u00e1 una nueva edici\u00f3n del\u00a0Supercl\u00e1sico\u00a0entre\u00a0Boca y River. Con un representante por lado, los futbolistas comentaron las sensaciones a d\u00edas de lo que ser\u00e1 el duelo del s\u00e1bado por la tarde en la\u00a0Bombonera.<\/p>\n\n\n\n<p>Por el lado de\u00a0Adv\u00edncula, el lateral peruano volver\u00e1 a la titularidad despu\u00e9s de una molestia f\u00edsica que lo aparto del \u00faltimo partido y respecto a esto dijo: \u201cAhi va, gracias a Dios estoy mejor. Todo el mundo quiere jugar un Supercl\u00e1sico y mucho m\u00e1s en casa, son especiales. Hay que tener garra y huevo, y en casa tenemos que quedarnos con los tres puntos\u201c. En cuanto a como se transita con la presi\u00f3n del hincha para estos partidos, agreg\u00f3: \u201cUn cl\u00e1sico es un partido aparte. Sabemos que no tuvimos algunos buenos partidos, venimos de un derrota que nos doli\u00f3, pero el hincha de Boca nos va a apoyar aunque est\u00e9 disconforme\u201c.<\/p>\n\n\n\n<p>El defensor\u00a0Xeneize\u00a0no quiso entrar en pol\u00e9micas por su expulsi\u00f3n contra\u00a0Cruzeiro\u00a0y una jugada similar que no fue sancionada a\u00a0Miguel Borja frente a Colo Colo\u00a0y se deslig\u00f3 del asunto: \u201cNo quiero entrar en la pol\u00e9mica de los \u00e1rbitros. Me toc\u00f3 irme expulsado con Cruzeiro y tuve que asumirlo, sea injusto o injusto\u201c. Por \u00faltimo en cuanto a como llega cada uno, tampoco quiso picar el juego: \u201cNo s\u00e9 si ser\u00e1 un punto de quiebre. No hay favoritos en un Supercl\u00e1sico\u201c.<\/p>\n\n\n\n<p>En lo que respecta a\u00a0D\u00edaz, el chileno viene de ser expulsado por una situaci\u00f3n infantil frente a\u00a0Colo Colo\u00a0y obviamente fue consultado sobre esto pero fue autocr\u00edtico: \u201cLo que pas\u00f3 ya est\u00e1. Estoy arrepentido porque me pierdo la vuelta y soy un jugador importante. Quiero estar en todos los partidos. Le pido disculpas a la gente porque fue una tonter\u00eda\u201c. Sobre lo que concierne al Cl\u00e1sico, coment\u00f3: \u201cPara nosotros es important\u00edsimo. Queremos ir a la Boca a sacar un resultado positivo. Ellos la local\u00eda la hacen sentir pero queremos los tres puntos\u201c.<\/p>\n\n\n\n<p>Al igual que el jugador de la Ribera, el zaguero rojiblanco no tuvo declaraciones pol\u00e9micas en la previa y afirm\u00f3 que \u201cel Boca-River es un 50 y 50 para cada lado\u201c. Por \u00faltimo los dos jugadores fueron consultados sobre una jugada para so\u00f1ar el s\u00e1bado,\u00a0Adv\u00edncula\u00a0admiti\u00f3 que ser\u00eda \u201chacer una asistencia y ganar 1-0\u201d mientras que\u00a0D\u00edaz\u00a0afirm\u00f3 \u201chacer un gol ser\u00eda la jugada so\u00f1ada\u201c.<\/p>\n","protected":false},"excerpt":{"rendered":"<p>En una conferencia organizada por la Liga Profesional, los jugadores de Boca y River hablaron a d\u00edas de una nueva edici\u00f3n del cl\u00e1sico m\u00e1s importante del pa\u00eds. Durante el mediod\u00eda, la Liga Profesional organiz\u00f3 la conferencia de prensa habitual en la previa a los partidos importantes del torneo donde en esta ocasi\u00f3n\u00a0Paulo D\u00edaz y Lu\u00eds [&hellip;]<\/p>\n","protected":false},"author":2,"featured_media":10985,"comment_status":"open","ping_status":"open","sticky":false,"template":"","format":"standard","meta":{"footnotes":""},"categories":[14],"tags":[],"_links":{"self":[{"href":"https:\/\/enlamira.info\/index.php\/wp-json\/wp\/v2\/posts\/10983"}],"collection":[{"href":"https:\/\/enlamira.info\/index.php\/wp-json\/wp\/v2\/posts"}],"about":[{"href":"https:\/\/enlamira.info\/index.php\/wp-json\/wp\/v2\/types\/post"}],"author":[{"embeddable":true,"href":"https:\/\/enlamira.info\/index.php\/wp-json\/wp\/v2\/users\/2"}],"replies":[{"embeddable":true,"href":"https:\/\/enlamira.info\/index.php\/wp-json\/wp\/v2\/comments?post=10983"}],"version-history":[{"count":1,"href":"https:\/\/enlamira.info\/index.php\/wp-json\/wp\/v2\/posts\/10983\/revisions"}],"predecessor-version":[{"id":10984,"href":"https:\/\/enlamira.info\/index.php\/wp-json\/wp\/v2\/posts\/10983\/revisions\/10984"}],"wp:featuredmedia":[{"embeddable":true,"href":"https:\/\/enlamira.info\/index.php\/wp-json\/wp\/v2\/media\/10985"}],"wp:attachment":[{"href":"https:\/\/enlamira.info\/index.php\/wp-json\/wp\/v2\/media?parent=10983"}],"wp:term":[{"taxonomy":"category","embeddable":true,"href":"https:\/\/enlamira.info\/index.php\/wp-json\/wp\/v2\/categories?post=10983"},{"taxonomy":"post_tag","embeddable":true,"href":"https:\/\/enlamira.info\/index.php\/wp-json\/wp\/v2\/tags?post=10983"}],"curies":[{"name":"wp","href":"https:\/\/api.w.org\/{rel}","templated":true}]}}