{"id":10980,"date":"2024-09-19T19:42:04","date_gmt":"2024-09-19T22:42:04","guid":{"rendered":"https:\/\/enlamira.info\/?p=10980"},"modified":"2024-09-19T20:00:00","modified_gmt":"2024-09-19T23:00:00","slug":"cruces-definidos-para-el-final-8-de-la-copa-davis-a-quien-enfrentara-argentina","status":"publish","type":"post","link":"https:\/\/enlamira.info\/index.php\/2024\/09\/19\/cruces-definidos-para-el-final-8-de-la-copa-davis-a-quien-enfrentara-argentina\/","title":{"rendered":"Cruces definidos para el Final 8 de la Copa Davis: \u00bfa qui\u00e9n enfrentar\u00e1 Argentina?"},"content":{"rendered":"\n<p>La Copa Davis hizo oficial el cronograma para el Final 8 que se jugar\u00e1 a finales de nnoviembre en M\u00e1laga. Argentina tendr\u00e1 un cuadro d\u00edficil.<\/p>\n\n\n\n<p>Despu\u00e9s de pasar la fase de grupos en\u00a0Manchester\u00a0donde comenz\u00f3 con el pie izquierdo perdiendo contra\u00a0Canad\u00e1\u00a0aunque luego se repuso frente a\u00a0Gran Breta\u00f1a y Finlandia,\u00a0Argentina\u00a0qued\u00f3 entre los ocho mejores de la\u00a0Copa Davis\u00a0y por eso se clasific\u00f3 al\u00a0Final 8 que se jugar\u00e1 a finales de noviembre en la ciudad de M\u00e1laga, Espa\u00f1a. Con la ilusi\u00f3n de volver a quedarse con el trofeo m\u00e1s importante de naciones en el\u00a0Tenis, la delegaci\u00f3n\u00a0Albiceleste\u00a0tendr\u00e1 un duro cuadro para llegar hasta la final.<\/p>\n\n\n\n<p>La organizaci\u00f3n de la\u00a0Davis\u00a0hizo oficial el cronograma de como quedar\u00e1n las llaves y qued\u00f3 establecido que los comandados por\u00a0Guillermo Coria\u00a0se enfrentar\u00e1n a\u00a0Italia, los \u00faltimos campeones del mundo, del\u00a019 al 21 de noviembre\u00a0por lo que ser\u00e1 una prueba d\u00edficil. En el caso de pasar jugar\u00e1 22 y 23 frente a\u00a0Estados Unidos o Australia\u00a0mientras que la final ser\u00e1 el\u00a0domingo 24. La otra llave est\u00e1 conformada por\u00a0Alemania-Canad\u00e1 y Pa\u00edses Bajos-Espa\u00f1a.<\/p>\n\n\n\n<p>Feliciano L\u00f3pez, el director del torneo, habl\u00f3 sobre el duelo entre argentinos e italianos y dijo: \u201cMe parece un duelo super bonito por las dos aficiones, sobre todo la de Argentina. Estoy seguro de que el Mart\u00edn Carpena va a estar lleno de argentinos y van a crear una atm\u00f3sfera espectacular\u201c. En este duelo, en el historial hay una leve ventaja para los europeos por 3-2 y el \u00faltimo antecedente fue en\u00a02022\u00a0donde los locales se quedaron con la eliminatoria por\u00a02-1 en Bolonia.<\/p>\n\n\n\n<p>Vale recordar que la delegaci\u00f3n de nuestro pa\u00eds\u00a0no particip\u00f3 de la \u00faltima edicion del torneo\u00a0y en el\u00a02022\u00a0conform\u00f3 el\u00a0Grupo A, como se mencion\u00f3 anteriormente con\u00a0Italia, Croacia y Suecia, donde qued\u00f3 en el \u00faltimo lugar. Por su parte en la\u00a02020-21\u00a0perdi\u00f3 en la clasificaci\u00f3n a las finales ante\u00a0Colombia por 3-1,\u00a0por lo que es un regreso a los primeros planos despu\u00e9s de muchos a\u00f1os.<\/p>\n\n\n\n<h3 class=\"wp-block-heading\">Cruces del Final 8:<\/h3>\n\n\n\n<ul>\n<li><strong>Argentina vs Italia<\/strong><\/li>\n\n\n\n<li><strong>Estados Unidos vs Australia<\/strong><\/li>\n\n\n\n<li><strong>Alemania vs Canad\u00e1<\/strong><\/li>\n\n\n\n<li><strong>Pa\u00edses Bajos vs Espa\u00f1a<\/strong><\/li>\n<\/ul>\n","protected":false},"excerpt":{"rendered":"<p>La Copa Davis hizo oficial el cronograma para el Final 8 que se jugar\u00e1 a finales de nnoviembre en M\u00e1laga. Argentina tendr\u00e1 un cuadro d\u00edficil. Despu\u00e9s de pasar la fase de grupos en\u00a0Manchester\u00a0donde comenz\u00f3 con el pie izquierdo perdiendo contra\u00a0Canad\u00e1\u00a0aunque luego se repuso frente a\u00a0Gran Breta\u00f1a y Finlandia,\u00a0Argentina\u00a0qued\u00f3 entre los ocho mejores de la\u00a0Copa Davis\u00a0y [&hellip;]<\/p>\n","protected":false},"author":2,"featured_media":10982,"comment_status":"open","ping_status":"open","sticky":false,"template":"","format":"standard","meta":{"footnotes":""},"categories":[14],"tags":[],"_links":{"self":[{"href":"https:\/\/enlamira.info\/index.php\/wp-json\/wp\/v2\/posts\/10980"}],"collection":[{"href":"https:\/\/enlamira.info\/index.php\/wp-json\/wp\/v2\/posts"}],"about":[{"href":"https:\/\/enlamira.info\/index.php\/wp-json\/wp\/v2\/types\/post"}],"author":[{"embeddable":true,"href":"https:\/\/enlamira.info\/index.php\/wp-json\/wp\/v2\/users\/2"}],"replies":[{"embeddable":true,"href":"https:\/\/enlamira.info\/index.php\/wp-json\/wp\/v2\/comments?post=10980"}],"version-history":[{"count":1,"href":"https:\/\/enlamira.info\/index.php\/wp-json\/wp\/v2\/posts\/10980\/revisions"}],"predecessor-version":[{"id":10981,"href":"https:\/\/enlamira.info\/index.php\/wp-json\/wp\/v2\/posts\/10980\/revisions\/10981"}],"wp:featuredmedia":[{"embeddable":true,"href":"https:\/\/enlamira.info\/index.php\/wp-json\/wp\/v2\/media\/10982"}],"wp:attachment":[{"href":"https:\/\/enlamira.info\/index.php\/wp-json\/wp\/v2\/media?parent=10980"}],"wp:term":[{"taxonomy":"category","embeddable":true,"href":"https:\/\/enlamira.info\/index.php\/wp-json\/wp\/v2\/categories?post=10980"},{"taxonomy":"post_tag","embeddable":true,"href":"https:\/\/enlamira.info\/index.php\/wp-json\/wp\/v2\/tags?post=10980"}],"curies":[{"name":"wp","href":"https:\/\/api.w.org\/{rel}","templated":true}]}}