{"id":1097,"date":"2024-03-14T11:32:47","date_gmt":"2024-03-14T14:32:47","guid":{"rendered":"https:\/\/enlamira.info\/?p=1097"},"modified":"2024-03-14T11:54:06","modified_gmt":"2024-03-14T14:54:06","slug":"espert-cuestiono-la-decision-de-villarruel-de-enviar-el-dnu-al-congreso-me-genera-dudas","status":"publish","type":"post","link":"https:\/\/enlamira.info\/index.php\/2024\/03\/14\/espert-cuestiono-la-decision-de-villarruel-de-enviar-el-dnu-al-congreso-me-genera-dudas\/","title":{"rendered":"Espert cuestion\u00f3 la decisi\u00f3n de Villarruel de enviar el DNU al Congreso: \u201cMe genera dudas\u201d"},"content":{"rendered":"\n<p>El legislador libertario sostuvo que fue \u201cuna decisi\u00f3n pol\u00edtica\u201d y que la vicepresidenta ten\u00eda \u201cotras alternativas\u201d.<\/p>\n\n\n\n<p>A horas de\u00a0empezar el tratamiento del DNU impulsado por Javier Milei\u00a0y tras el pol\u00e9mico\u00a0envi\u00f3 unilateral por parte de Victoria Villarruel al Senado\u00a0del proyecto que levant\u00f3 polvareda en La Libertad Avanza, el legislador oficialista,\u00a0Jos\u00e9 Luis Espert, apunt\u00f3 contra la compa\u00f1era de f\u00f3rmula del libertario.<\/p>\n\n\n\n<p>\u201cFue una decisi\u00f3n pol\u00edtica\u201d, asegur\u00f3 el diputado, quien cuestion\u00f3 a Villarruel y asegur\u00f3 que \u201cten\u00eda otras alternativas\u201d.<\/p>\n\n\n\n<p>\u201cLa vicepresidenta no ten\u00eda obligaci\u00f3n de convocar a la sesi\u00f3n\u00a0de ma\u00f1ana (por este jueves) por m\u00e1s que haya juntado las cinco firmas\u201d, continu\u00f3 en referencia al DNU que muchos dudan si podr\u00e1 ser aprobado ya que cuenta con varios rechazos dentro del oficialismo y casi la totalidad por fuera.<\/p>\n\n\n\n<p>En ese sentido, diferenci\u00f3 a los presidentes de las C\u00e1maras. \u201cSi eso hubiera ocurrido en la C\u00e1mara de Diputados, el reglamento ser\u00eda diferente. En la sesi\u00f3n especial por las jubilaciones que se cay\u00f3 hoy porque no hubo qu\u00f3rum, el presidente\u00a0Mart\u00edn Menem no ten\u00eda alternativa a no convocar. Ese es un caso puntual\u201d, asegur\u00f3.<\/p>\n\n\n\n<p>\u201cNo s\u00e9 por qu\u00e9 lo hizo. Habr\u00eda que preguntarle a ella que piensa.\u00a0Pero lo que si s\u00e9 es que Alberto Fern\u00e1ndez tuvo cientos de decretos sin tratar. \u00bfY nosotros vamos a tratar este DNU que nos permite normalizar el mercado de alquileres, darle libertad a la gente para elegir su obra social, que declara delito penal al bloque de empresas? No entiendo\u201d, enfatiz\u00f3.<\/p>\n\n\n\n<p>Durante el di\u00e1logo con\u00a0<em>LN+<\/em>, el legislador fue indagado puntualmente sobre si cre\u00eda que Villarruel estaba intentando\u00a0desestabilizar al Gobierno.<\/p>\n\n\n\n<p>\u201cNo lo s\u00e9. A la luz de esto, me genera dudas\u201d, arranc\u00f3, y aclar\u00f3: \u201cYo estar\u00e9 cerca del Gobierno y del Presidente pero no soy parte del Poder Ejecutivo. Puedo no saber cosas\u201d.<\/p>\n\n\n\n<p>\u201cMe pueden decir que Victoria Villarruel ten\u00eda obligaci\u00f3n legal de convocar a la sesi\u00f3n. A la larga, parece que siempre hay un taparrabo jur\u00eddico. Pero\u00a0pol\u00edticamente, la decisi\u00f3n correcta hubiera sido no convocar\u00a0a los legisladores al recinto\u201d, concluy\u00f3<\/p>\n","protected":false},"excerpt":{"rendered":"<p>El legislador libertario sostuvo que fue \u201cuna decisi\u00f3n pol\u00edtica\u201d y que la vicepresidenta ten\u00eda \u201cotras alternativas\u201d. A horas de\u00a0empezar el tratamiento del DNU impulsado por Javier Milei\u00a0y tras el pol\u00e9mico\u00a0envi\u00f3 unilateral por parte de Victoria Villarruel al Senado\u00a0del proyecto que levant\u00f3 polvareda en La Libertad Avanza, el legislador oficialista,\u00a0Jos\u00e9 Luis Espert, apunt\u00f3 contra la compa\u00f1era [&hellip;]<\/p>\n","protected":false},"author":2,"featured_media":1099,"comment_status":"open","ping_status":"open","sticky":false,"template":"","format":"standard","meta":{"footnotes":""},"categories":[20],"tags":[],"_links":{"self":[{"href":"https:\/\/enlamira.info\/index.php\/wp-json\/wp\/v2\/posts\/1097"}],"collection":[{"href":"https:\/\/enlamira.info\/index.php\/wp-json\/wp\/v2\/posts"}],"about":[{"href":"https:\/\/enlamira.info\/index.php\/wp-json\/wp\/v2\/types\/post"}],"author":[{"embeddable":true,"href":"https:\/\/enlamira.info\/index.php\/wp-json\/wp\/v2\/users\/2"}],"replies":[{"embeddable":true,"href":"https:\/\/enlamira.info\/index.php\/wp-json\/wp\/v2\/comments?post=1097"}],"version-history":[{"count":2,"href":"https:\/\/enlamira.info\/index.php\/wp-json\/wp\/v2\/posts\/1097\/revisions"}],"predecessor-version":[{"id":1101,"href":"https:\/\/enlamira.info\/index.php\/wp-json\/wp\/v2\/posts\/1097\/revisions\/1101"}],"wp:featuredmedia":[{"embeddable":true,"href":"https:\/\/enlamira.info\/index.php\/wp-json\/wp\/v2\/media\/1099"}],"wp:attachment":[{"href":"https:\/\/enlamira.info\/index.php\/wp-json\/wp\/v2\/media?parent=1097"}],"wp:term":[{"taxonomy":"category","embeddable":true,"href":"https:\/\/enlamira.info\/index.php\/wp-json\/wp\/v2\/categories?post=1097"},{"taxonomy":"post_tag","embeddable":true,"href":"https:\/\/enlamira.info\/index.php\/wp-json\/wp\/v2\/tags?post=1097"}],"curies":[{"name":"wp","href":"https:\/\/api.w.org\/{rel}","templated":true}]}}