{"id":10965,"date":"2024-09-18T19:41:29","date_gmt":"2024-09-18T22:41:29","guid":{"rendered":"https:\/\/enlamira.info\/?p=10965"},"modified":"2024-09-18T19:46:17","modified_gmt":"2024-09-18T22:46:17","slug":"el-gobierno-denuncio-a-un-sindicalista-aeronautico-por-amenazas-y-extosion","status":"publish","type":"post","link":"https:\/\/enlamira.info\/index.php\/2024\/09\/18\/el-gobierno-denuncio-a-un-sindicalista-aeronautico-por-amenazas-y-extosion\/","title":{"rendered":"El Gobierno denunci\u00f3 a un sindicalista aerona\u00fatico por amenazas y extosi\u00f3n"},"content":{"rendered":"\n<p>Pablo Bir\u00f3, l\u00edder de Asociaci\u00f3n de Pilotos de L\u00edneas A\u00e9reas (APLA), hab\u00eda advertido que el conflicto a\u00e9reo \u201cse va a poner mucho peor\u201d.<\/p>\n\n\n\n<p>El\u00a0Gobierno, a trav\u00e9s del Ministerio de Seguridad, present\u00f3 una\u00a0denuncia por amenazas y extorsi\u00f3n contra Pablo Bir\u00f3, l\u00edder de la Asociaci\u00f3n de Pilotos de L\u00edneas A\u00e9reas (APLA), tras declaraciones en las que advirti\u00f3 que el conflicto en el sector a\u00e9reo\u00a0\u201cse va a poner mucho peor\u201d. Estas palabras, pronunciadas luego de una serie de huelgas que afectaron a miles de usuarios, fueron calificadas como \u201cgraves\u201d por el Ejecutivo, que considera que podr\u00edan exceder el derecho de huelga y constituir un delito.<\/p>\n\n\n\n<p>La denuncia, presentada por los abogados del ministerio dirigido por\u00a0Patricia Bullrich, argumenta que\u00a0las declaraciones de Bir\u00f3 podr\u00edan ser interpretadas como amenazas extorsivas, seg\u00fan el art\u00edculo 149 bis del C\u00f3digo Penal. El Gobierno subray\u00f3 que, aunque el derecho a huelga est\u00e1 amparado por la Constituci\u00f3n, debe ejercerse de manera razonable y proporcional, especialmente en servicios esenciales como el transporte a\u00e9reo.<\/p>\n\n\n\n<p>El conflicto entre los sindicatos aeron\u00e1uticos y el Gobierno tiene como trasfondo la\u00a0declaraci\u00f3n del transporte a\u00e9reo como servicio esencial, lo que obliga a mantener un servicio m\u00ednimo. Esta regulaci\u00f3n busca evitar huelgas que interrumpan de manera abrupta un servicio estrat\u00e9gico para el pa\u00eds. No obstante, los sindicatos, encabezados por Bir\u00f3, rechazan estas medidas, asegurando que limitan su derecho a huelga.<\/p>\n\n\n\n<p>El enfrentamiento sindical se intensific\u00f3 en los \u00faltimos meses con\u00a0demandas de\u00a0aumentos\u00a0salariales del 30%.\u00a0En el \u00faltimo paro m\u00e1s de 37.000 pasajeros se vieron afectados. Los gremios aseguran que las huelgas continuar\u00e1n mientras no se atiendan sus demandas y el Gobierno mantenga su postura de no\u00a0negociar.<\/p>\n\n\n\n<p>El jueves, los sindicatos decidir\u00e1n nuevas medidas de fuerza, y\u00a0la Asociaci\u00f3n de Trabajadores del Estado (ATE) ya anunci\u00f3 un paro de controladores a\u00e9reos en 27 aeropuertos\u00a0del pa\u00eds. El Gobierno busca aplicar un decreto que obligue a notificar con cinco d\u00edas de anticipaci\u00f3n cualquier huelga y a garantizar al menos un 50% de los servicios m\u00ednimos, pero los gremios lo resisten, insistiendo en que vulnera su derecho constitucional a la protesta.<\/p>\n","protected":false},"excerpt":{"rendered":"<p>Pablo Bir\u00f3, l\u00edder de Asociaci\u00f3n de Pilotos de L\u00edneas A\u00e9reas (APLA), hab\u00eda advertido que el conflicto a\u00e9reo \u201cse va a poner mucho peor\u201d. El\u00a0Gobierno, a trav\u00e9s del Ministerio de Seguridad, present\u00f3 una\u00a0denuncia por amenazas y extorsi\u00f3n contra Pablo Bir\u00f3, l\u00edder de la Asociaci\u00f3n de Pilotos de L\u00edneas A\u00e9reas (APLA), tras declaraciones en las que advirti\u00f3 [&hellip;]<\/p>\n","protected":false},"author":2,"featured_media":10967,"comment_status":"open","ping_status":"open","sticky":false,"template":"","format":"standard","meta":{"footnotes":""},"categories":[20],"tags":[],"_links":{"self":[{"href":"https:\/\/enlamira.info\/index.php\/wp-json\/wp\/v2\/posts\/10965"}],"collection":[{"href":"https:\/\/enlamira.info\/index.php\/wp-json\/wp\/v2\/posts"}],"about":[{"href":"https:\/\/enlamira.info\/index.php\/wp-json\/wp\/v2\/types\/post"}],"author":[{"embeddable":true,"href":"https:\/\/enlamira.info\/index.php\/wp-json\/wp\/v2\/users\/2"}],"replies":[{"embeddable":true,"href":"https:\/\/enlamira.info\/index.php\/wp-json\/wp\/v2\/comments?post=10965"}],"version-history":[{"count":1,"href":"https:\/\/enlamira.info\/index.php\/wp-json\/wp\/v2\/posts\/10965\/revisions"}],"predecessor-version":[{"id":10966,"href":"https:\/\/enlamira.info\/index.php\/wp-json\/wp\/v2\/posts\/10965\/revisions\/10966"}],"wp:featuredmedia":[{"embeddable":true,"href":"https:\/\/enlamira.info\/index.php\/wp-json\/wp\/v2\/media\/10967"}],"wp:attachment":[{"href":"https:\/\/enlamira.info\/index.php\/wp-json\/wp\/v2\/media?parent=10965"}],"wp:term":[{"taxonomy":"category","embeddable":true,"href":"https:\/\/enlamira.info\/index.php\/wp-json\/wp\/v2\/categories?post=10965"},{"taxonomy":"post_tag","embeddable":true,"href":"https:\/\/enlamira.info\/index.php\/wp-json\/wp\/v2\/tags?post=10965"}],"curies":[{"name":"wp","href":"https:\/\/api.w.org\/{rel}","templated":true}]}}