{"id":10957,"date":"2024-09-18T19:39:11","date_gmt":"2024-09-18T22:39:11","guid":{"rendered":"https:\/\/enlamira.info\/?p=10957"},"modified":"2024-09-18T19:47:49","modified_gmt":"2024-09-18T22:47:49","slug":"la-dictadura-de-maduro-ordeno-la-detencion-de-javier-milei-karina-milei-y-patricia-bullrich","status":"publish","type":"post","link":"https:\/\/enlamira.info\/index.php\/2024\/09\/18\/la-dictadura-de-maduro-ordeno-la-detencion-de-javier-milei-karina-milei-y-patricia-bullrich\/","title":{"rendered":"La dictadura de Maduro orden\u00f3 la detenci\u00f3n de Javier Milei, Karina Milei y Patricia Bullrich"},"content":{"rendered":"\n<p>La medida del Gobierno fue fundamentada como respuesta al embargo del avi\u00f3n venezolano-iran\u00ed de Emtrasur.<\/p>\n\n\n\n<p>El gobierno de\u00a0Nicol\u00e1s Maduro emiti\u00f3 una orden de captura contra el presidente\u00a0Javier Milei, su hermana y secretaria general, Karina\u00a0Milei, y la ministra de Seguridad, Patricia Bullrich. El anuncio fue hecho por el fiscal chavista Tarek William Saab, quien explic\u00f3 que la medida est\u00e1 relacionada con el\u00a0embargo del avi\u00f3n venezolano-iran\u00ed de Emtrasur, un caso que involucra tensiones diplom\u00e1ticas entre ambos pa\u00edses.<\/p>\n\n\n\n<p>La acci\u00f3n del\u00a0gobierno\u00a0venezolano, adem\u00e1s, surge como respuesta a las\u00a0investigaciones\u00a0en Argentina sobre cr\u00edmenes de lesa humanidad\u00a0cometidos por el r\u00e9gimen de Maduro. Los fiscales argentinos Carlos Stornelli y Jos\u00e9 Ag\u00fcero Iturbe solicitaron la indagatoria y captura de Nicol\u00e1s Maduro y su principal aliado, Diosdado Cabello, en relaci\u00f3n a estos delitos. El dictamen tambi\u00e9n implica a militares y agentes de inteligencia responsables de secuestros, torturas y ejecuciones en Venezuela.<\/p>\n\n\n\n<p>Este pedido argentino fue presentado en base al principio de justicia universal, impulsado por las v\u00edctimas del r\u00e9gimen chavista y representado por el abogado Tom\u00e1s Farini Duggan. Durante una audiencia en Buenos Aires, seis venezolanos ofrecieron testimonios sobre las atrocidades que sufrieron, uno de los cuales fue particularmente revelador al se\u00f1alar que\u00a0estos cr\u00edmenes deb\u00edan ser juzgados fuera de Venezuela.<\/p>\n\n\n\n<p>Farini Duggan solicit\u00f3 la declaraci\u00f3n indagatoria y captura internacional de Maduro, alegando que se trata de un \u201cplan sistem\u00e1tico\u201d\u00a0dise\u00f1ado por las m\u00e1s altas esferas del gobierno venezolano para mantenerse en el poder a trav\u00e9s de una\u00a0dictadura c\u00edvico-militar. Entre los cr\u00edmenes denunciados destacan desapariciones, abusos y ejecuciones durante las\u00a0elecciones\u00a0presidenciales de julio en Venezuela.<\/p>\n","protected":false},"excerpt":{"rendered":"<p>La medida del Gobierno fue fundamentada como respuesta al embargo del avi\u00f3n venezolano-iran\u00ed de Emtrasur. El gobierno de\u00a0Nicol\u00e1s Maduro emiti\u00f3 una orden de captura contra el presidente\u00a0Javier Milei, su hermana y secretaria general, Karina\u00a0Milei, y la ministra de Seguridad, Patricia Bullrich. El anuncio fue hecho por el fiscal chavista Tarek William Saab, quien explic\u00f3 que [&hellip;]<\/p>\n","protected":false},"author":2,"featured_media":10960,"comment_status":"open","ping_status":"open","sticky":false,"template":"","format":"standard","meta":{"footnotes":""},"categories":[20],"tags":[],"_links":{"self":[{"href":"https:\/\/enlamira.info\/index.php\/wp-json\/wp\/v2\/posts\/10957"}],"collection":[{"href":"https:\/\/enlamira.info\/index.php\/wp-json\/wp\/v2\/posts"}],"about":[{"href":"https:\/\/enlamira.info\/index.php\/wp-json\/wp\/v2\/types\/post"}],"author":[{"embeddable":true,"href":"https:\/\/enlamira.info\/index.php\/wp-json\/wp\/v2\/users\/2"}],"replies":[{"embeddable":true,"href":"https:\/\/enlamira.info\/index.php\/wp-json\/wp\/v2\/comments?post=10957"}],"version-history":[{"count":1,"href":"https:\/\/enlamira.info\/index.php\/wp-json\/wp\/v2\/posts\/10957\/revisions"}],"predecessor-version":[{"id":10958,"href":"https:\/\/enlamira.info\/index.php\/wp-json\/wp\/v2\/posts\/10957\/revisions\/10958"}],"wp:featuredmedia":[{"embeddable":true,"href":"https:\/\/enlamira.info\/index.php\/wp-json\/wp\/v2\/media\/10960"}],"wp:attachment":[{"href":"https:\/\/enlamira.info\/index.php\/wp-json\/wp\/v2\/media?parent=10957"}],"wp:term":[{"taxonomy":"category","embeddable":true,"href":"https:\/\/enlamira.info\/index.php\/wp-json\/wp\/v2\/categories?post=10957"},{"taxonomy":"post_tag","embeddable":true,"href":"https:\/\/enlamira.info\/index.php\/wp-json\/wp\/v2\/tags?post=10957"}],"curies":[{"name":"wp","href":"https:\/\/api.w.org\/{rel}","templated":true}]}}