{"id":10953,"date":"2024-09-18T19:37:55","date_gmt":"2024-09-18T22:37:55","guid":{"rendered":"https:\/\/enlamira.info\/?p=10953"},"modified":"2024-09-18T19:48:48","modified_gmt":"2024-09-18T22:48:48","slug":"fallecio-salvatore-toto-schillaci-a-sus-59-anos-emblema-de-la-seleccion-de-italia","status":"publish","type":"post","link":"https:\/\/enlamira.info\/index.php\/2024\/09\/18\/fallecio-salvatore-toto-schillaci-a-sus-59-anos-emblema-de-la-seleccion-de-italia\/","title":{"rendered":"Falleci\u00f3 Salvatore \u201cTot\u00f3\u201d Schillaci a sus 59 a\u00f1os, emblema de la Selecci\u00f3n de Italia"},"content":{"rendered":"\n<p>El m\u00e1ximo artillero de la Azurra en el Mundial de 1990, que tuvo paso por el Inter y Juventus, estaba internado desde el nueve de septiembre a causa de una dura enfermedad.<\/p>\n\n\n\n<p>Italia despide a un s\u00edmbolo de su f\u00fatbol, el m\u00e1ximo goleador del Mundial de 1990:\u00a0Salvatore \u201cTot\u00f3\u201d Schillaci falleci\u00f3 a sus 59 a\u00f1os\u00a0en la ciudad de Palermo, luego de afrontar una lucha\u00a0contra el canc\u00e9r de colon desde hace dos a\u00f1os.<\/p>\n\n\n\n<p>En sus redes sociales, la cuenta de la Selecci\u00f3n de Italiana de f\u00fatbol\u00a0dio a conocer la triste noticia para el pueblo italiano\u00a0y el mundo del f\u00fatbol en general.<\/p>\n\n\n\n<p><em>\u201cAdi\u00f3s, Tot\u00f3. H\u00e9roe de las Noches M\u00e1gicas\u201d<\/em><\/p>\n\n\n\n<p>El\u00a0ex jugador del Inter de Mil\u00e1n y la Juventus, equipos con el que gan\u00f3 dos Copa UEFA, estaba internado en la capital sicilliana en el Hospital C\u00edvico desde el 9 de septiembre.\u00a0Antes hab\u00eda sido intervenido quir\u00fargicamente,\u00a0despu\u00e9s de empeorar su estado de salud.<\/p>\n\n\n\n<p><em>Tot\u00f3<\/em>\u00a0se convirti\u00f3 en el\u00a0emblema del f\u00fatbol italiano tras sus goles en el Mundial de 1990. A pesar de haber arrancando la competencia como suplente, los goles lo llevaron a la titularidad. Le marc\u00f3 a Checoslovaquia, Uruguay, Irlanda y hasta la Selecci\u00f3n Argentina en semis.<\/p>\n\n\n\n<p>Junto a Roberto Baggio guiaron a la\u00a0<em>Azurra<\/em>\u00a0a las semifinales de la Copa del Mundo. Por sus grandes participaciones fue elegido como el mejor jugador de la Selecci\u00f3n de Italia en el el torneo.<\/p>\n","protected":false},"excerpt":{"rendered":"<p>El m\u00e1ximo artillero de la Azurra en el Mundial de 1990, que tuvo paso por el Inter y Juventus, estaba internado desde el nueve de septiembre a causa de una dura enfermedad. Italia despide a un s\u00edmbolo de su f\u00fatbol, el m\u00e1ximo goleador del Mundial de 1990:\u00a0Salvatore \u201cTot\u00f3\u201d Schillaci falleci\u00f3 a sus 59 a\u00f1os\u00a0en la [&hellip;]<\/p>\n","protected":false},"author":2,"featured_media":10955,"comment_status":"open","ping_status":"open","sticky":false,"template":"","format":"standard","meta":{"footnotes":""},"categories":[14],"tags":[],"_links":{"self":[{"href":"https:\/\/enlamira.info\/index.php\/wp-json\/wp\/v2\/posts\/10953"}],"collection":[{"href":"https:\/\/enlamira.info\/index.php\/wp-json\/wp\/v2\/posts"}],"about":[{"href":"https:\/\/enlamira.info\/index.php\/wp-json\/wp\/v2\/types\/post"}],"author":[{"embeddable":true,"href":"https:\/\/enlamira.info\/index.php\/wp-json\/wp\/v2\/users\/2"}],"replies":[{"embeddable":true,"href":"https:\/\/enlamira.info\/index.php\/wp-json\/wp\/v2\/comments?post=10953"}],"version-history":[{"count":1,"href":"https:\/\/enlamira.info\/index.php\/wp-json\/wp\/v2\/posts\/10953\/revisions"}],"predecessor-version":[{"id":10954,"href":"https:\/\/enlamira.info\/index.php\/wp-json\/wp\/v2\/posts\/10953\/revisions\/10954"}],"wp:featuredmedia":[{"embeddable":true,"href":"https:\/\/enlamira.info\/index.php\/wp-json\/wp\/v2\/media\/10955"}],"wp:attachment":[{"href":"https:\/\/enlamira.info\/index.php\/wp-json\/wp\/v2\/media?parent=10953"}],"wp:term":[{"taxonomy":"category","embeddable":true,"href":"https:\/\/enlamira.info\/index.php\/wp-json\/wp\/v2\/categories?post=10953"},{"taxonomy":"post_tag","embeddable":true,"href":"https:\/\/enlamira.info\/index.php\/wp-json\/wp\/v2\/tags?post=10953"}],"curies":[{"name":"wp","href":"https:\/\/api.w.org\/{rel}","templated":true}]}}