{"id":10950,"date":"2024-09-18T19:36:44","date_gmt":"2024-09-18T22:36:44","guid":{"rendered":"https:\/\/enlamira.info\/?p=10950"},"modified":"2024-09-18T19:49:25","modified_gmt":"2024-09-18T22:49:25","slug":"sorpresa-en-italia-la-roma-echo-a-daniele-de-rossi-y-ya-tiene-nuevo-entrenador","status":"publish","type":"post","link":"https:\/\/enlamira.info\/index.php\/2024\/09\/18\/sorpresa-en-italia-la-roma-echo-a-daniele-de-rossi-y-ya-tiene-nuevo-entrenador\/","title":{"rendered":"Sorpresa en Italia: la Roma ech\u00f3 a Daniele de Rossi y ya tiene nuevo entrenador"},"content":{"rendered":"\n<p>El equipo de la capital y de los argentinos, se enter\u00f3 de la decisi\u00f3n tras un escueto anuncio del club en redes sociales.<\/p>\n\n\n\n<p>De la noche a la ma\u00f1ana,\u00a0los dirigentes de la AS Roma decidiieron ponerle fin al ciclo de Daniel de Rossi\u00a0al mando del equipo de los argentinos Paulo Dybala, Mat\u00edas Soul\u00e9 y Leandro Paredes.<\/p>\n\n\n\n<p>A penas cuatro fechas pasaron desde el inicio de la temporada en la Serie A. El saldo del DT:\u00a0una derrota como local ante el Empoli y tres empates como visitante\u00a0(0 a 0 frente a Juventus y Cagliari; 1 a 1 frente a Genoa).<\/p>\n\n\n\n<p>El comuicado que dinfundi\u00f3 el club v\u00edas redes sociales despidiendo al ex jugador de la Selecci\u00f3n de Italia y de Boca.<\/p>\n\n\n\n<p>\u201cEl AS Roma anuncia que\u00a0Daniele De Rossi ha sido relevado de sus funciones como entrenador del primer equipo.\u00a0La decisi\u00f3n se toma en el mejor inter\u00e9s del equipo, para poder retomar con prontitud el camino deseado,\u00a0en un momento en que la temporada est\u00e1 a\u00fan en sus inicios\u201d\u00a0explic\u00f3 la instituci\u00f3n en un breve apartado.<\/p>\n\n\n\n<h3 class=\"wp-block-heading\"><strong>El croata Ivan Juric, el nuevo entrenador de la Roma<\/strong><\/h3>\n\n\n\n<p>S\u00ed resulta sorprendente el despido de un \u00eddolo del club como jugador, quien ahora hac\u00eda sus primeras armas como DT,\u00a0m\u00e1s llamativo resulta que la dirigencia del club ya ten\u00eda apalabrado a su reemplazante: Ivan Juric, t\u00e9cnico del Torino en las \u00faltimas tres temporadas.<\/p>\n\n\n\n<p><strong>El croata ya arrib\u00f3 a la capital para firmar su contrato. Esta tarde conocer\u00e1 al grupo y realizar\u00e1 su primera pr\u00e1ctica al mando de los\u00a0<em>Giallorossi<\/em>.<\/strong><\/p>\n\n\n\n<h3 class=\"wp-block-heading\"><strong>\u00bfComo sigue el calendario para la Roma?<\/strong><\/h3>\n\n\n\n<p>El pr\u00f3ximo fin de semana recibe en la capital al\u00a0Udinese,\u00a0\u00fanico l\u00edder del f\u00fatbol italiano hasta el momento con 10 puntos\u00a0(3 victorias y empate). Ser\u00e1 un partido plagado de argentinos: Dybala, Mat\u00edas Soul\u00e9 y Paredes recibir\u00e1n en su casa a Lautaro\u00a0Gianetti\u00a0es jugador de V\u00e9lez y a Mart\u00edn\u00a0Payero, con \u00faltimo paso en Boca.<\/p>\n\n\n\n<p>Luego de la quinta jornada en el Calcio, entre semana, comienza la competencia internacional: recibir\u00e1 al Athletic Club de Espa\u00f1a por la primera fecha de la Europa League.\u00a0<\/p>\n","protected":false},"excerpt":{"rendered":"<p>El equipo de la capital y de los argentinos, se enter\u00f3 de la decisi\u00f3n tras un escueto anuncio del club en redes sociales. De la noche a la ma\u00f1ana,\u00a0los dirigentes de la AS Roma decidiieron ponerle fin al ciclo de Daniel de Rossi\u00a0al mando del equipo de los argentinos Paulo Dybala, Mat\u00edas Soul\u00e9 y Leandro [&hellip;]<\/p>\n","protected":false},"author":2,"featured_media":10952,"comment_status":"open","ping_status":"open","sticky":false,"template":"","format":"standard","meta":{"footnotes":""},"categories":[14],"tags":[],"_links":{"self":[{"href":"https:\/\/enlamira.info\/index.php\/wp-json\/wp\/v2\/posts\/10950"}],"collection":[{"href":"https:\/\/enlamira.info\/index.php\/wp-json\/wp\/v2\/posts"}],"about":[{"href":"https:\/\/enlamira.info\/index.php\/wp-json\/wp\/v2\/types\/post"}],"author":[{"embeddable":true,"href":"https:\/\/enlamira.info\/index.php\/wp-json\/wp\/v2\/users\/2"}],"replies":[{"embeddable":true,"href":"https:\/\/enlamira.info\/index.php\/wp-json\/wp\/v2\/comments?post=10950"}],"version-history":[{"count":1,"href":"https:\/\/enlamira.info\/index.php\/wp-json\/wp\/v2\/posts\/10950\/revisions"}],"predecessor-version":[{"id":10951,"href":"https:\/\/enlamira.info\/index.php\/wp-json\/wp\/v2\/posts\/10950\/revisions\/10951"}],"wp:featuredmedia":[{"embeddable":true,"href":"https:\/\/enlamira.info\/index.php\/wp-json\/wp\/v2\/media\/10952"}],"wp:attachment":[{"href":"https:\/\/enlamira.info\/index.php\/wp-json\/wp\/v2\/media?parent=10950"}],"wp:term":[{"taxonomy":"category","embeddable":true,"href":"https:\/\/enlamira.info\/index.php\/wp-json\/wp\/v2\/categories?post=10950"},{"taxonomy":"post_tag","embeddable":true,"href":"https:\/\/enlamira.info\/index.php\/wp-json\/wp\/v2\/tags?post=10950"}],"curies":[{"name":"wp","href":"https:\/\/api.w.org\/{rel}","templated":true}]}}