{"id":10946,"date":"2024-09-18T19:35:18","date_gmt":"2024-09-18T22:35:18","guid":{"rendered":"https:\/\/enlamira.info\/?p=10946"},"modified":"2024-09-18T19:50:05","modified_gmt":"2024-09-18T22:50:05","slug":"liga-espanola-giovanni-lo-celso-convirtio-un-doblete-en-el-triunfo-del-betis","status":"publish","type":"post","link":"https:\/\/enlamira.info\/index.php\/2024\/09\/18\/liga-espanola-giovanni-lo-celso-convirtio-un-doblete-en-el-triunfo-del-betis\/","title":{"rendered":"Liga espa\u00f1ola: Giovanni Lo Celso convirti\u00f3 un doblete en el triunfo del Betis"},"content":{"rendered":"\n<p>El mediocampista argentino convirti\u00f3 sus primeros goles en la Liga Espa\u00f1ola tras su regreso al equipo andaluz.<\/p>\n\n\n\n<p>En un encuentro pendiente de la\u00a0Fecha 3 de la Liga Espa\u00f1ola,\u00a0Giovanni Lo Celso\u00a0convirti\u00f3 un doblete para la victoria por 2-1 del\u00a0Real Betis\u00a0sobre el\u00a0Getafe. El mediocampista argentino que volvi\u00f3 al equipo andaluz, convirti\u00f3 su primeros tantos en la temporada en lo que es un triunfo importante para los comandados por\u00a0Manuel Pellegrini\u00a0ya que llegaron a los 8 puntos para empezar a posicionarse en los puestos de competencias internacional en este inicio de torneo.<\/p>\n\n\n\n<p>La apertura del marcador se dio a los 61 minutos cuando cambi\u00f3 penal por gol mientras que a los 74 minutos convirti\u00f3 su segundo tanto con un excelente remate de media distancia para poner el bal\u00f3n al lado del palo izquierdo del guardameta.<\/p>\n\n\n\n<p>Este es el segundo encuentro en la temporada para\u00a0el bicampe\u00f3n de Am\u00e9rica con la Scaloneta\u00a0debido a que luego de su regreso al\u00a0Verdolaga, el viernes pasado hab\u00eda tenido los primeros minutos entrando desde el banco de suplentes en lo que fue victoria 2-0 frente al\u00a0Legan\u00e9s. Dicho sea de paso reci\u00e9n este lunes fue presentado como nuevo refuerzo donde dej\u00f3 en claro que volvi\u00f3 por el cari\u00f1o que tom\u00f3 con el Club por paso en la temporada<\/p>\n\n\n\n<p>En dicha presentaci\u00f3n ante los medios, el rosarino coment\u00f3: \u201cAgradecer al presidente y toda la junta directiva, la verdad que pasaron a\u00f1os, pero pareciera que fue ayer cuando dej\u00e9 el club o estaba en mi presentaci\u00f3n.\u00a0Muy contento, muy agradecido, fue una decisi\u00f3n f\u00e1cil porque desde que me fui la gente siempre me demostr\u00f3 mucho cari\u00f1o, mucho amor y eso es muy importante a la hora de tomar las decisiones. Yo me dejo llevar mucho por los sentimientos\u201c.<\/p>\n\n\n\n<p>Por su parte cerr\u00f3 sus declaraciones hablando sobre el futuro que piensa con el\u00a0Betis\u00a0para esta temporada: \u201cVengo con toda la ilusi\u00f3n para ayudar a que el Betis siga creciendo. Me encontr\u00e9 con un club en constante crecimiento, con ambici\u00f3n, y es lo que vamos a tratar,\u00a0pelear por cosas importantes porque sabemos que estamos en un gran club\u201d.<\/p>\n","protected":false},"excerpt":{"rendered":"<p>El mediocampista argentino convirti\u00f3 sus primeros goles en la Liga Espa\u00f1ola tras su regreso al equipo andaluz. En un encuentro pendiente de la\u00a0Fecha 3 de la Liga Espa\u00f1ola,\u00a0Giovanni Lo Celso\u00a0convirti\u00f3 un doblete para la victoria por 2-1 del\u00a0Real Betis\u00a0sobre el\u00a0Getafe. El mediocampista argentino que volvi\u00f3 al equipo andaluz, convirti\u00f3 su primeros tantos en la temporada [&hellip;]<\/p>\n","protected":false},"author":2,"featured_media":10948,"comment_status":"open","ping_status":"open","sticky":false,"template":"","format":"standard","meta":{"footnotes":""},"categories":[14],"tags":[],"_links":{"self":[{"href":"https:\/\/enlamira.info\/index.php\/wp-json\/wp\/v2\/posts\/10946"}],"collection":[{"href":"https:\/\/enlamira.info\/index.php\/wp-json\/wp\/v2\/posts"}],"about":[{"href":"https:\/\/enlamira.info\/index.php\/wp-json\/wp\/v2\/types\/post"}],"author":[{"embeddable":true,"href":"https:\/\/enlamira.info\/index.php\/wp-json\/wp\/v2\/users\/2"}],"replies":[{"embeddable":true,"href":"https:\/\/enlamira.info\/index.php\/wp-json\/wp\/v2\/comments?post=10946"}],"version-history":[{"count":1,"href":"https:\/\/enlamira.info\/index.php\/wp-json\/wp\/v2\/posts\/10946\/revisions"}],"predecessor-version":[{"id":10947,"href":"https:\/\/enlamira.info\/index.php\/wp-json\/wp\/v2\/posts\/10946\/revisions\/10947"}],"wp:featuredmedia":[{"embeddable":true,"href":"https:\/\/enlamira.info\/index.php\/wp-json\/wp\/v2\/media\/10948"}],"wp:attachment":[{"href":"https:\/\/enlamira.info\/index.php\/wp-json\/wp\/v2\/media?parent=10946"}],"wp:term":[{"taxonomy":"category","embeddable":true,"href":"https:\/\/enlamira.info\/index.php\/wp-json\/wp\/v2\/categories?post=10946"},{"taxonomy":"post_tag","embeddable":true,"href":"https:\/\/enlamira.info\/index.php\/wp-json\/wp\/v2\/tags?post=10946"}],"curies":[{"name":"wp","href":"https:\/\/api.w.org\/{rel}","templated":true}]}}