{"id":10935,"date":"2024-09-17T19:06:56","date_gmt":"2024-09-17T22:06:56","guid":{"rendered":"https:\/\/enlamira.info\/?p=10935"},"modified":"2024-09-17T19:07:32","modified_gmt":"2024-09-17T22:07:32","slug":"la-justicia-cito-a-declarar-a-la-madre-de-fabiola-yanez-en-la-causa-por-violencia-de-genero","status":"publish","type":"post","link":"https:\/\/enlamira.info\/index.php\/2024\/09\/17\/la-justicia-cito-a-declarar-a-la-madre-de-fabiola-yanez-en-la-causa-por-violencia-de-genero\/","title":{"rendered":"La Justicia cit\u00f3 a declarar a la madre de Fabiola Y\u00e1\u00f1ez en la causa por violencia de g\u00e9nero"},"content":{"rendered":"\n<p>La investigaci\u00f3n contra Alberto Fern\u00e1ndez sigue sumando argumentos sobre c\u00f3mo era la relaci\u00f3n de la pareja. La defensa del ex presidente present\u00f3 una nueva testigo encubierta que avala el alcoholismo de la ex primera dama.<\/p>\n\n\n\n<p>En el marco de la causa que investiga presuntos hechos de violencia de g\u00e9nero contra\u00a0Fabiola Y\u00e1\u00f1ez, por parte de\u00a0Alberto Fern\u00e1ndez, el fiscal federal\u00a0Ramiro Gonz\u00e1lez, convoc\u00f3 a la madre de la ex primera dama para que brinde su visi\u00f3n acerca de la relaci\u00f3n de pareja.<\/p>\n\n\n\n<p>Para ello,\u00a0Miriam Verdugo, cuajar\u00e1 a la Argentina, ya que se encuentra viviendo con su hija en\u00a0Espa\u00f1a\u00a0desde meses antes del final del mandato de Fern\u00e1ndez, para declarar como testigo en la causa penal contra\u00a0el ex presidente\u00a0de la Naci\u00f3n. Se espera que el arribo de la mujer sea el pr\u00f3ximo jueves.<\/p>\n\n\n\n<p>Si bien, la madre de Y\u00e1\u00f1ez era una de las primeras convocadas por la fiscal\u00eda, la abogada de la ex primera dama,\u00a0Mariana Gallego,\u00a0retras\u00f3 su declaraci\u00f3n para que se haga de forma presencial y no virtual como pretend\u00eda la Justicia. Al igual que ocurri\u00f3 d\u00edas atr\u00e1s con la hermana de la denunciante,\u00a0Tamara Y\u00e1\u00f1ez.<\/p>\n\n\n\n<p>Por su parte, la defensa del\u00a0ex presidente present\u00f3 una nueva testigo encubierta denominada \u201cB\u201d,\u00a0quien neg\u00f3 situaciones agresivas y puso \u00e9nfasis en los presuntos problemas de alcoholismo que padec\u00eda Y\u00e1\u00f1ez.<\/p>\n\n\n\n<p>\u201cLo que m\u00e1s llamaba la atenci\u00f3n es que\u00a0dos copas cambiaban rotundamente su estado emocional\u201d, dice el escrito presentado por la letrada\u00a0Silvina Carreira.\u00a0Con este tipo de declaraciones la defensa del ex l\u00edder del\u00a0Frente de Todos, pretende instalar que el estado psicol\u00f3gico de Fabiola al momento de lo denunciado no era estable.<\/p>\n\n\n\n<p>En otro pasaje del texto presentado ante la fiscal\u00eda, la testigo que era empleada de la\u00a0Quinta de Olivos\u00a0durante la presidencia de Fern\u00e1ndez, sostiene: \u201cCuando escuch\u00e1bamos el helic\u00f3ptero presidencial\u00a0le pon\u00edamos spray en la boca, tir\u00e1bamos Poett y trat\u00e1bamos de disimular los olores.\u00a0Teresa era la que m\u00e1s ayudaba en el estado de salud de ella con relaci\u00f3n a su adicci\u00f3n.\u00a0Ten\u00edamos que meterla en la ducha y levantarla de las ca\u00eddas\u201d.<\/p>\n","protected":false},"excerpt":{"rendered":"<p>La investigaci\u00f3n contra Alberto Fern\u00e1ndez sigue sumando argumentos sobre c\u00f3mo era la relaci\u00f3n de la pareja. La defensa del ex presidente present\u00f3 una nueva testigo encubierta que avala el alcoholismo de la ex primera dama. En el marco de la causa que investiga presuntos hechos de violencia de g\u00e9nero contra\u00a0Fabiola Y\u00e1\u00f1ez, por parte de\u00a0Alberto Fern\u00e1ndez, [&hellip;]<\/p>\n","protected":false},"author":2,"featured_media":10938,"comment_status":"open","ping_status":"open","sticky":false,"template":"","format":"standard","meta":{"footnotes":""},"categories":[126],"tags":[],"_links":{"self":[{"href":"https:\/\/enlamira.info\/index.php\/wp-json\/wp\/v2\/posts\/10935"}],"collection":[{"href":"https:\/\/enlamira.info\/index.php\/wp-json\/wp\/v2\/posts"}],"about":[{"href":"https:\/\/enlamira.info\/index.php\/wp-json\/wp\/v2\/types\/post"}],"author":[{"embeddable":true,"href":"https:\/\/enlamira.info\/index.php\/wp-json\/wp\/v2\/users\/2"}],"replies":[{"embeddable":true,"href":"https:\/\/enlamira.info\/index.php\/wp-json\/wp\/v2\/comments?post=10935"}],"version-history":[{"count":2,"href":"https:\/\/enlamira.info\/index.php\/wp-json\/wp\/v2\/posts\/10935\/revisions"}],"predecessor-version":[{"id":10937,"href":"https:\/\/enlamira.info\/index.php\/wp-json\/wp\/v2\/posts\/10935\/revisions\/10937"}],"wp:featuredmedia":[{"embeddable":true,"href":"https:\/\/enlamira.info\/index.php\/wp-json\/wp\/v2\/media\/10938"}],"wp:attachment":[{"href":"https:\/\/enlamira.info\/index.php\/wp-json\/wp\/v2\/media?parent=10935"}],"wp:term":[{"taxonomy":"category","embeddable":true,"href":"https:\/\/enlamira.info\/index.php\/wp-json\/wp\/v2\/categories?post=10935"},{"taxonomy":"post_tag","embeddable":true,"href":"https:\/\/enlamira.info\/index.php\/wp-json\/wp\/v2\/tags?post=10935"}],"curies":[{"name":"wp","href":"https:\/\/api.w.org\/{rel}","templated":true}]}}