{"id":10931,"date":"2024-09-17T19:05:46","date_gmt":"2024-09-17T22:05:46","guid":{"rendered":"https:\/\/enlamira.info\/?p=10931"},"modified":"2024-09-17T19:08:02","modified_gmt":"2024-09-17T22:08:02","slug":"la-justicia-argentina-solicito-la-captura-internacional-de-nicolas-maduro","status":"publish","type":"post","link":"https:\/\/enlamira.info\/index.php\/2024\/09\/17\/la-justicia-argentina-solicito-la-captura-internacional-de-nicolas-maduro\/","title":{"rendered":"La Justicia argentina solicit\u00f3 la captura internacional de Nicol\u00e1s Maduro"},"content":{"rendered":"\n<p>Los fiscales federales Carlos Stornelli y Jos\u00e9 Ag\u00fcero Iturbe realizaron el pedido tras las varias denuncias por violaciones reiteradas a los derechos humanos por parte del r\u00e9gimen chavista.<\/p>\n\n\n\n<p>La Justicia argentina hizo un pedido de captura internacional contra el presidente de\u00a0Venezuela, Nicol\u00e1s Maduro, por cometer delitos de lesa humanidad. La solicitud pretende que\u00a0el mandatario\u00a0se presente a indagatoria en el marco de una investigaci\u00f3n por las reiteradas violaciones a los derechos humanos del r\u00e9gimen.<\/p>\n\n\n\n<p>As\u00ed lo expusieron los fiscales\u00a0Carlos Stornelli\u00a0y\u00a0Jos\u00e9 Ag\u00fcero Iturbe, ante la\u00a0C\u00e1mara Federal de la Ciudad de Buenos Aires.\u00a0El dictamen tambi\u00e9n alcanza a una treintena de militares y agentes de inteligencia acusados de ser responsables de torturas, secuestros y ejecuciones en su pa\u00eds, al igual que a la mano derecha del l\u00edder caribe\u00f1o,\u00a0Diosdado Cabello.<\/p>\n\n\n\n<p>El planteo del\u00a0Ministerio P\u00fablico Fiscal de Argentina\u00a0llega tras recibir testimonio de varias v\u00edctimas del r\u00e9gimen chavista que denunciaron estos cr\u00edmenes bajo el principio de justicia universal de lo que denominaron como un \u201cplan sistem\u00e1tico\u201d de tormento aplicado por Maduro y sus secuaces.<\/p>\n\n\n\n<p>De hecho,\u00a0seis venezolanos exiliados en el pa\u00eds,\u00a0relataron ante los fiscales los tormentos sufridos. Entre los testigos se encontraba un fiscal venezolano cuya declaraci\u00f3n sirvi\u00f3 para poner en jaque la idea que estos cr\u00edmenes deb\u00edan ser castigados en su pa\u00eds de origen.<\/p>\n\n\n\n<p>La presentaci\u00f3n fue el resultado de una audiencia de la que participaron figuras judiciales y representantes del\u00a0Gobierno\u00a0de\u00a0Javier Milei, como la ministra de Seguridad Patricia Bullrich, y su par de la Ciudad de Buenos Aires,\u00a0Waldo Wolf.\u00a0All\u00ed el abogado\u00a0Tom\u00e1s Farini Duggan, que representa al\u00a0Foro Argentino por la Democracia en la Regi\u00f3n\u00a0(FADER), repas\u00f3 los t\u00e9rminos de la investigaci\u00f3n y reclam\u00f3 la declaraci\u00f3n indagatoria y la captura internacional de Nicol\u00e1s Maduro por delitos de lesa humanidad.<\/p>\n\n\n\n<p>Entre esos hechos se incluyeron\u00a0la desaparici\u00f3n de Roc\u00edo San Miguel, y los vej\u00e1menes y ejecuciones que tuvieron lugar en el marco de las convulsionadas elecciones que tuvieron lugar en agosto pasado en Venezuela, donde la oposici\u00f3n y distintos pa\u00edses denunciaron el fraude electoral para que\u00a0Maduro\u00a0pudiera seguir en el poder.<\/p>\n","protected":false},"excerpt":{"rendered":"<p>Los fiscales federales Carlos Stornelli y Jos\u00e9 Ag\u00fcero Iturbe realizaron el pedido tras las varias denuncias por violaciones reiteradas a los derechos humanos por parte del r\u00e9gimen chavista. La Justicia argentina hizo un pedido de captura internacional contra el presidente de\u00a0Venezuela, Nicol\u00e1s Maduro, por cometer delitos de lesa humanidad. La solicitud pretende que\u00a0el mandatario\u00a0se presente [&hellip;]<\/p>\n","protected":false},"author":2,"featured_media":10933,"comment_status":"open","ping_status":"open","sticky":false,"template":"","format":"standard","meta":{"footnotes":""},"categories":[126],"tags":[],"_links":{"self":[{"href":"https:\/\/enlamira.info\/index.php\/wp-json\/wp\/v2\/posts\/10931"}],"collection":[{"href":"https:\/\/enlamira.info\/index.php\/wp-json\/wp\/v2\/posts"}],"about":[{"href":"https:\/\/enlamira.info\/index.php\/wp-json\/wp\/v2\/types\/post"}],"author":[{"embeddable":true,"href":"https:\/\/enlamira.info\/index.php\/wp-json\/wp\/v2\/users\/2"}],"replies":[{"embeddable":true,"href":"https:\/\/enlamira.info\/index.php\/wp-json\/wp\/v2\/comments?post=10931"}],"version-history":[{"count":1,"href":"https:\/\/enlamira.info\/index.php\/wp-json\/wp\/v2\/posts\/10931\/revisions"}],"predecessor-version":[{"id":10932,"href":"https:\/\/enlamira.info\/index.php\/wp-json\/wp\/v2\/posts\/10931\/revisions\/10932"}],"wp:featuredmedia":[{"embeddable":true,"href":"https:\/\/enlamira.info\/index.php\/wp-json\/wp\/v2\/media\/10933"}],"wp:attachment":[{"href":"https:\/\/enlamira.info\/index.php\/wp-json\/wp\/v2\/media?parent=10931"}],"wp:term":[{"taxonomy":"category","embeddable":true,"href":"https:\/\/enlamira.info\/index.php\/wp-json\/wp\/v2\/categories?post=10931"},{"taxonomy":"post_tag","embeddable":true,"href":"https:\/\/enlamira.info\/index.php\/wp-json\/wp\/v2\/tags?post=10931"}],"curies":[{"name":"wp","href":"https:\/\/api.w.org\/{rel}","templated":true}]}}