{"id":1093,"date":"2024-03-14T11:31:40","date_gmt":"2024-03-14T14:31:40","guid":{"rendered":"https:\/\/enlamira.info\/?p=1093"},"modified":"2024-03-14T11:55:09","modified_gmt":"2024-03-14T14:55:09","slug":"la-polemica-advertencia-de-juan-grabois-a-javier-milei-te-van-a-voltear","status":"publish","type":"post","link":"https:\/\/enlamira.info\/index.php\/2024\/03\/14\/la-polemica-advertencia-de-juan-grabois-a-javier-milei-te-van-a-voltear\/","title":{"rendered":"La pol\u00e9mica advertencia de Juan Grabois a Javier Milei: \u201cTe van a voltear\u201d"},"content":{"rendered":"\n<p>El dirigente social le escribi\u00f3 un fuerte mensaje al Presidente en el que le asegur\u00f3: \u201cTe van a tirar a la parrilla cuando hayan incendiando el pa\u00eds\u201d.<\/p>\n\n\n\n<p>Luego de\u00a0la interna desatada en el Gobierno tras el cuestionado envi\u00f3 del mega DNU al Congreso\u00a0por parte de la vicepresidenta\u00a0Victoria Villarruel, el dirigente social\u00a0Juan Grabois\u00a0le escribi\u00f3 un fuerte mensaje a al Presidente.<\/p>\n\n\n\n<p>\u201cYo te avis\u00e9 Javier Milei, te van a usar de carnicero, te van a voltear y te van a tirar a la parrilla cuando hayan incendiado el pa\u00eds\u201c, comenz\u00f3 Grabois en un posteo en la red social X.<\/p>\n\n\n\n<p>Y advirti\u00f3:\u00a0\u201cDej\u00e1 de creerle a los macristas Caputo y Sturzenegger\u00a0que te llevan el Diario de Yrigoyen y se te cagan de la risa. Escuch\u00e1 a la gente que te vot\u00f3 y la que no te vot\u00f3\u201d.<\/p>\n\n\n\n<p>Tras recomendarle alejarse del ala macrista, sostuvo: \u201cLa comida no llega, est\u00e1n fundiendo las cooperativas, las PyMEs y las empresas, se manotearon todas las obras de las barriadas, arruinaron a los jubilados\u2026\u00a0la paciencia de la gente se acaba, mientras a vos te metieron en la jaula del le\u00f3n y te alimentan de la carne de los humildes, te engordan, te ceban\u2026 el gato can\u00edbal, el pato con borcegos y la hiena con botas, esperan que est\u00e9s bien gordo para tirarte a las brasas.\u00a0Despu\u00e9s van a decir: \u201cera un loquito\u201d\u201c.<\/p>\n\n\n\n<p>\u201cEs de manual\u2026 \u00bfno la ves?\u00a0Baj\u00e1 el DNU, sacate a esos dos rochos de guante blanco, devolv\u00e9 la plata a las provincias, las obras a los pobres, el sueldo a los jubilados, que no le falte el plato de comida a nadie,\u00a0bajate del pony virtual y gobern\u00e1 para el pueblo\u201c, continu\u00f3.<\/p>\n\n\n\n<p>Y para cerrar, manifest\u00f3:\u00a0\u201cSino ser\u00e1 tr\u00e1gico para vos y para toda la Naci\u00f3n\u201d.<\/p>\n","protected":false},"excerpt":{"rendered":"<p>El dirigente social le escribi\u00f3 un fuerte mensaje al Presidente en el que le asegur\u00f3: \u201cTe van a tirar a la parrilla cuando hayan incendiando el pa\u00eds\u201d. Luego de\u00a0la interna desatada en el Gobierno tras el cuestionado envi\u00f3 del mega DNU al Congreso\u00a0por parte de la vicepresidenta\u00a0Victoria Villarruel, el dirigente social\u00a0Juan Grabois\u00a0le escribi\u00f3 un fuerte [&hellip;]<\/p>\n","protected":false},"author":2,"featured_media":1095,"comment_status":"open","ping_status":"open","sticky":false,"template":"","format":"standard","meta":{"footnotes":""},"categories":[20],"tags":[],"_links":{"self":[{"href":"https:\/\/enlamira.info\/index.php\/wp-json\/wp\/v2\/posts\/1093"}],"collection":[{"href":"https:\/\/enlamira.info\/index.php\/wp-json\/wp\/v2\/posts"}],"about":[{"href":"https:\/\/enlamira.info\/index.php\/wp-json\/wp\/v2\/types\/post"}],"author":[{"embeddable":true,"href":"https:\/\/enlamira.info\/index.php\/wp-json\/wp\/v2\/users\/2"}],"replies":[{"embeddable":true,"href":"https:\/\/enlamira.info\/index.php\/wp-json\/wp\/v2\/comments?post=1093"}],"version-history":[{"count":2,"href":"https:\/\/enlamira.info\/index.php\/wp-json\/wp\/v2\/posts\/1093\/revisions"}],"predecessor-version":[{"id":1096,"href":"https:\/\/enlamira.info\/index.php\/wp-json\/wp\/v2\/posts\/1093\/revisions\/1096"}],"wp:featuredmedia":[{"embeddable":true,"href":"https:\/\/enlamira.info\/index.php\/wp-json\/wp\/v2\/media\/1095"}],"wp:attachment":[{"href":"https:\/\/enlamira.info\/index.php\/wp-json\/wp\/v2\/media?parent=1093"}],"wp:term":[{"taxonomy":"category","embeddable":true,"href":"https:\/\/enlamira.info\/index.php\/wp-json\/wp\/v2\/categories?post=1093"},{"taxonomy":"post_tag","embeddable":true,"href":"https:\/\/enlamira.info\/index.php\/wp-json\/wp\/v2\/tags?post=1093"}],"curies":[{"name":"wp","href":"https:\/\/api.w.org\/{rel}","templated":true}]}}