{"id":1087,"date":"2024-03-14T11:30:06","date_gmt":"2024-03-14T14:30:06","guid":{"rendered":"https:\/\/enlamira.info\/?p=1087"},"modified":"2024-03-14T11:31:14","modified_gmt":"2024-03-14T14:31:14","slug":"tras-el-comunicado-del-presidente-el-senado-ratifico-la-sesion-de-este-jueves-para-el-tratamiento-del-dnu","status":"publish","type":"post","link":"https:\/\/enlamira.info\/index.php\/2024\/03\/14\/tras-el-comunicado-del-presidente-el-senado-ratifico-la-sesion-de-este-jueves-para-el-tratamiento-del-dnu\/","title":{"rendered":"Tras el comunicado del Presidente, el Senado ratific\u00f3 la sesi\u00f3n de este jueves para el tratamiento del DNU"},"content":{"rendered":"\n<p>La relaci\u00f3n entre la vicepresidenta y la Casa Rosada se tens\u00f3 luego de la advertencia sobre el posible impacto que el rechazo al decreto tendr\u00eda en las negociaciones con los gobernadores.<\/p>\n\n\n\n<p>El\u00a0Senado\u00a0sesionar\u00e1 este jueves para tratar el decreto de necesidad y urgencia 70\/23 de desregulaci\u00f3n de la econom\u00eda, en un contexto de fuerte tensi\u00f3n entre la Casa Rosada y la vicepresidenta Victoria Villarruel por la decisi\u00f3n de esta \u00faltima de aceptar el debate del pol\u00e9mico DNU a pesar de que la oposici\u00f3n podr\u00eda tener los votos para rechazarlo.<\/p>\n\n\n\n<p>Villarruel intent\u00f3 esta tarde evitar el debate del decreto, pero no tuvo \u00e9xito.\u00a0Pidi\u00f3 a los jefes de bloque prolongar por una semana el tratamiento en virtud de las negociaciones iniciadas la semana pasada entre el Poder Ejecutivo y los gobernadores en busca de un acuerdo fiscal, pero su propuesta fue rechazada.<\/p>\n\n\n\n<p>El clima se enrareci\u00f3 por un feroz ataque de cuentas libertarias en redes sociales contra Villarruel y por la presi\u00f3n del Poder Ejecutivo para evitar que se discuta el DNU, especialmente despu\u00e9s de que el Gobierno lograra dejar sin qu\u00f3rum un intento de la oposici\u00f3n por impulsar la aprobaci\u00f3n de un\u00a0proyecto de movilidad jubilatoria\u00a0en la C\u00e1mara de Diputados.<\/p>\n\n\n\n<p>La\u00a0Casa Rosada\u00a0expres\u00f3 su postura en un comunicado en el que advierte que avanzar contra el decreto implicar\u00eda \u201cun grave retroceso en los derechos y necesidades del pueblo argentino\u201d. En este sentido, el\u00a0Gobierno\u00a0enfatiz\u00f3 que \u201cespera que el Poder Legislativo no se deje cautivar por el canto de sirena de quienes pretenden \u2018anotarse\u2019 victorias de corto plazo en detrimento del futuro de los 45 millones de argentinos\u201d.<\/p>\n\n\n\n<p>Seg\u00fan fuentes legislativas, en las \u00faltimas 48 horas la vicepresidenta Villarruel trabaj\u00f3 intensamente comunic\u00e1ndose con los jefes de bloques y senadores de fuerzas provinciales, argumentando que la continuidad del decreto era crucial para la estabilidad institucional. Sin embargo, sus esfuerzos no tuvieron \u00e9xito y finalmente convoc\u00f3 a sesi\u00f3n en la tarde del martes, incluyendo el decreto entre los temas a tratar.<\/p>\n\n\n\n<p>La tensi\u00f3n pol\u00edtica se traslad\u00f3 a los bloques de la oposici\u00f3n dialoguista, donde se discuti\u00f3 con nerviosismo qu\u00e9 actitud tomar a la hora de la votaci\u00f3n. En la\u00a0UCR, por ejemplo, se escucharon voces\u00a0advirtiendo que rechazar el DNU era como \u201ctirar una bomba pol\u00edtica\u201d en medio de las negociaciones con los gobernadores provinciales por el reparto de fondos fiscales.<\/p>\n","protected":false},"excerpt":{"rendered":"<p>La relaci\u00f3n entre la vicepresidenta y la Casa Rosada se tens\u00f3 luego de la advertencia sobre el posible impacto que el rechazo al decreto tendr\u00eda en las negociaciones con los gobernadores. El\u00a0Senado\u00a0sesionar\u00e1 este jueves para tratar el decreto de necesidad y urgencia 70\/23 de desregulaci\u00f3n de la econom\u00eda, en un contexto de fuerte tensi\u00f3n entre [&hellip;]<\/p>\n","protected":false},"author":2,"featured_media":1090,"comment_status":"open","ping_status":"open","sticky":false,"template":"","format":"standard","meta":{"footnotes":""},"categories":[20],"tags":[],"_links":{"self":[{"href":"https:\/\/enlamira.info\/index.php\/wp-json\/wp\/v2\/posts\/1087"}],"collection":[{"href":"https:\/\/enlamira.info\/index.php\/wp-json\/wp\/v2\/posts"}],"about":[{"href":"https:\/\/enlamira.info\/index.php\/wp-json\/wp\/v2\/types\/post"}],"author":[{"embeddable":true,"href":"https:\/\/enlamira.info\/index.php\/wp-json\/wp\/v2\/users\/2"}],"replies":[{"embeddable":true,"href":"https:\/\/enlamira.info\/index.php\/wp-json\/wp\/v2\/comments?post=1087"}],"version-history":[{"count":2,"href":"https:\/\/enlamira.info\/index.php\/wp-json\/wp\/v2\/posts\/1087\/revisions"}],"predecessor-version":[{"id":1091,"href":"https:\/\/enlamira.info\/index.php\/wp-json\/wp\/v2\/posts\/1087\/revisions\/1091"}],"wp:featuredmedia":[{"embeddable":true,"href":"https:\/\/enlamira.info\/index.php\/wp-json\/wp\/v2\/media\/1090"}],"wp:attachment":[{"href":"https:\/\/enlamira.info\/index.php\/wp-json\/wp\/v2\/media?parent=1087"}],"wp:term":[{"taxonomy":"category","embeddable":true,"href":"https:\/\/enlamira.info\/index.php\/wp-json\/wp\/v2\/categories?post=1087"},{"taxonomy":"post_tag","embeddable":true,"href":"https:\/\/enlamira.info\/index.php\/wp-json\/wp\/v2\/tags?post=1087"}],"curies":[{"name":"wp","href":"https:\/\/api.w.org\/{rel}","templated":true}]}}