{"id":1082,"date":"2024-03-14T11:28:46","date_gmt":"2024-03-14T14:28:46","guid":{"rendered":"https:\/\/enlamira.info\/?p=1082"},"modified":"2024-03-14T11:56:37","modified_gmt":"2024-03-14T14:56:37","slug":"francos-critico-a-villarruel-por-incluir-el-dnu-en-la-sesion-y-considero-que-fue-presionada","status":"publish","type":"post","link":"https:\/\/enlamira.info\/index.php\/2024\/03\/14\/francos-critico-a-villarruel-por-incluir-el-dnu-en-la-sesion-y-considero-que-fue-presionada\/","title":{"rendered":"Francos critic\u00f3 a Villarruel por incluir el DNU en la sesi\u00f3n y consider\u00f3 que fue presionada"},"content":{"rendered":"\n<p>Si bien el ministro del Interior consider\u00f3 que no hubo intenci\u00f3n por parte de la vicepresidenta de da\u00f1ar al Gobierno, lo calific\u00f3 como un error.<\/p>\n\n\n\n<p>En medio de la fuerte tensi\u00f3n entre la Casa Rosada y la vicepresidenta\u00a0Victoria\u00a0Villarruel\u00a0por la decisi\u00f3n de la presidenta del Senado de aceptar el debate del pol\u00e9mico DNU a pesar de que la oposici\u00f3n podr\u00eda tener los votos para rechazarlo, la C\u00e1mara\u00a0alta\u00a0sesionar\u00e1 este jueves para tratar el decreto de necesidad y urgencia 70\/23 de desregulaci\u00f3n de la econom\u00eda,<\/p>\n\n\n\n<p>El clima se enrareci\u00f3 por un feroz ataque de cuentas\u00a0libertarias\u00a0en redes sociales contra Villarruel y por la presi\u00f3n del Poder Ejecutivo para evitar que se discuta el DNU, especialmente despu\u00e9s de que el Gobierno lograra dejar sin qu\u00f3rum un intento de la oposici\u00f3n por impulsar la aprobaci\u00f3n de un\u00a0proyecto de movilidad jubilatoria\u00a0en la C\u00e1mara de Diputados.<\/p>\n\n\n\n<p>La Casa Rosada expres\u00f3 su postura en un comunicado en el que advierte que avanzar contra el decreto implicar\u00eda \u201cun grave retroceso en los derechos y necesidades del pueblo argentino\u201d. En este sentido, el Gobierno enfatiz\u00f3 que \u201cespera que el Poder Legislativo no se deje cautivar por el canto de sirena de quienes pretenden \u2018anotarse\u2019 victorias de corto plazo en detrimento del futuro de los 45 millones de argentinos\u201d.<\/p>\n\n\n\n<p>En este marco, el ministro del Interior,\u00a0Guillermo Francos\u00a0expres\u00f3 su descontento con la decisi\u00f3n de la compa\u00f1era de f\u00f3rmula de\u00a0Milei, pero descart\u00f3 que haya sido \u201ccon intenci\u00f3n de da\u00f1ar al Gobierno\u201d. \u201cMe parece que ser\u00eda absolutamente rid\u00edculo pensar en eso\u201d, agreg\u00f3 el funcionario y opin\u00f3: \u201cEn todo caso pudo haber habido un error\u201d.<\/p>\n\n\n\n<p>\u201cCreo que hay un tema de presiones en la C\u00e1mara alta para incorporar el tratamiento del DNU y que la vicepresidenta lo podr\u00eda haber evitado, pero la presi\u00f3n la hizo incorporar ese punto. No veo segundas intenciones en eso, creo que tal vez haya sido un error ceder a esa presi\u00f3n\u201d, consider\u00f3\u00a0Francos\u00a0en di\u00e1logo con radio Rivadavia.<\/p>\n\n\n\n<p>No obstante, el funcionario libertario apunt\u00f3 contra la oposici\u00f3n y la acus\u00f3 de querer \u201cdesestabilizar\u201d al Gobierno: \u201cEl bloque kirchnerista, en un acto claramente opositor y tendiente a debilitar el Gobierno, presiona para poner este punto dentro del temario de la sesi\u00f3n cuando no fue tratado por la bicameral\u201d. \u201cQuienes intentan desestabilizar claramente son los senadores del kirchnerismo\u201d, resalt\u00f3 Francos.<\/p>\n","protected":false},"excerpt":{"rendered":"<p>Si bien el ministro del Interior consider\u00f3 que no hubo intenci\u00f3n por parte de la vicepresidenta de da\u00f1ar al Gobierno, lo calific\u00f3 como un error. En medio de la fuerte tensi\u00f3n entre la Casa Rosada y la vicepresidenta\u00a0Victoria\u00a0Villarruel\u00a0por la decisi\u00f3n de la presidenta del Senado de aceptar el debate del pol\u00e9mico DNU a pesar de [&hellip;]<\/p>\n","protected":false},"author":2,"featured_media":1084,"comment_status":"open","ping_status":"open","sticky":false,"template":"","format":"standard","meta":{"footnotes":""},"categories":[20],"tags":[],"_links":{"self":[{"href":"https:\/\/enlamira.info\/index.php\/wp-json\/wp\/v2\/posts\/1082"}],"collection":[{"href":"https:\/\/enlamira.info\/index.php\/wp-json\/wp\/v2\/posts"}],"about":[{"href":"https:\/\/enlamira.info\/index.php\/wp-json\/wp\/v2\/types\/post"}],"author":[{"embeddable":true,"href":"https:\/\/enlamira.info\/index.php\/wp-json\/wp\/v2\/users\/2"}],"replies":[{"embeddable":true,"href":"https:\/\/enlamira.info\/index.php\/wp-json\/wp\/v2\/comments?post=1082"}],"version-history":[{"count":2,"href":"https:\/\/enlamira.info\/index.php\/wp-json\/wp\/v2\/posts\/1082\/revisions"}],"predecessor-version":[{"id":1086,"href":"https:\/\/enlamira.info\/index.php\/wp-json\/wp\/v2\/posts\/1082\/revisions\/1086"}],"wp:featuredmedia":[{"embeddable":true,"href":"https:\/\/enlamira.info\/index.php\/wp-json\/wp\/v2\/media\/1084"}],"wp:attachment":[{"href":"https:\/\/enlamira.info\/index.php\/wp-json\/wp\/v2\/media?parent=1082"}],"wp:term":[{"taxonomy":"category","embeddable":true,"href":"https:\/\/enlamira.info\/index.php\/wp-json\/wp\/v2\/categories?post=1082"},{"taxonomy":"post_tag","embeddable":true,"href":"https:\/\/enlamira.info\/index.php\/wp-json\/wp\/v2\/tags?post=1082"}],"curies":[{"name":"wp","href":"https:\/\/api.w.org\/{rel}","templated":true}]}}