{"id":10469,"date":"2024-09-03T01:05:24","date_gmt":"2024-09-03T04:05:24","guid":{"rendered":"https:\/\/enlamira.info\/?p=10469"},"modified":"2024-09-03T01:10:00","modified_gmt":"2024-09-03T04:10:00","slug":"fabiola-yanez-presentara-nuevas-pruebas-para-demostrar-que-fue-atendida-por-el-medico-presidencial-por-golpes","status":"publish","type":"post","link":"https:\/\/enlamira.info\/index.php\/2024\/09\/03\/fabiola-yanez-presentara-nuevas-pruebas-para-demostrar-que-fue-atendida-por-el-medico-presidencial-por-golpes\/","title":{"rendered":"Fabiola Y\u00e1\u00f1ez presentar\u00e1 nuevas pruebas para demostrar que fue atendida por el m\u00e9dico presidencial por golpes"},"content":{"rendered":"\n<p>Federico Saavedra declarar\u00e1 el jueves 5 de septiembre y la defensa de la ex primera dama prepar\u00f3 un extenso cuestionario de 78 preguntas.<\/p>\n\n\n\n<p>El pr\u00f3ximo jueves 5 de septiembre,\u00a0el ex m\u00e9dico presidencial Federico Saavedra se presentar\u00e1 en los tribunales de\u00a0Comodoro Py\u00a0para declarar en la causa por violencia de g\u00e9nero que Fabiola Y\u00e1\u00f1ez, ex primera dama, inici\u00f3 contra el ex presidente Alberto Fern\u00e1ndez. Saavedra, quien estuvo a cargo de la Unidad M\u00e9dica Presidencial durante el\u00a0gobierno\u00a0de Fern\u00e1ndez, ser\u00e1 interrogado sobre su rol en la atenci\u00f3n de Y\u00e1\u00f1ez tras sufrir presuntos episodios de violencia.<\/p>\n\n\n\n<p>La defensa de Fabiola, encabezada por la abogada Mariana Gallego, prepar\u00f3 un extenso cuestionario de 78 preguntas y presentar\u00e1 pruebas clave que incluyen registros m\u00e9dicos donde se detalla que\u00a0Saavedra atendi\u00f3 a Y\u00e1\u00f1ez por golpes en varias ocasiones. Entre las evidencias se encuentran anotaciones en el Libro de Guardia que indican la administraci\u00f3n de globulitos de \u00e1rnica para tratar hematomas, as\u00ed como la prescripci\u00f3n de Rivotril y otros ansiol\u00edticos, incluso durante su embarazo.<\/p>\n\n\n\n<p>Adem\u00e1s de Saavedra,\u00a0otros testigos relevantes fueron citados para declarar en el caso. El martes 10 de septiembre ser\u00e1 el turno de Florencia Aguirre, una esteticista cercana a\u00a0Y\u00e1\u00f1ez, y el jueves 12 de Sof\u00eda Pacchi, quien fue mencionada en la denuncia debido a un supuesto incidente en el que Fern\u00e1ndez habr\u00eda intentado conquistarla, lo que deriv\u00f3 en un altercado f\u00edsico con la ex primera dama. Pacchi neg\u00f3 cualquier v\u00ednculo sentimental con el ex presidente.<\/p>\n\n\n\n<p>La declaraci\u00f3n de Saavedra podr\u00eda extenderse durante varias horas, lo que llev\u00f3 a la Justicia a reprogramar otros testimonios. Mientras tanto, la Fiscal\u00eda, a cargo de Ramiro Gonz\u00e1lez, contin\u00faa recopilando informaci\u00f3n adicional, incluyendo el listado de personas que trabajaron en la Quinta de Olivos durante la gesti\u00f3n de Fern\u00e1ndez y los miembros de la Unidad M\u00e9dica Presidencial.<\/p>\n","protected":false},"excerpt":{"rendered":"<p>Federico Saavedra declarar\u00e1 el jueves 5 de septiembre y la defensa de la ex primera dama prepar\u00f3 un extenso cuestionario de 78 preguntas. El pr\u00f3ximo jueves 5 de septiembre,\u00a0el ex m\u00e9dico presidencial Federico Saavedra se presentar\u00e1 en los tribunales de\u00a0Comodoro Py\u00a0para declarar en la causa por violencia de g\u00e9nero que Fabiola Y\u00e1\u00f1ez, ex primera dama, [&hellip;]<\/p>\n","protected":false},"author":2,"featured_media":10471,"comment_status":"open","ping_status":"open","sticky":false,"template":"","format":"standard","meta":{"footnotes":""},"categories":[126],"tags":[],"_links":{"self":[{"href":"https:\/\/enlamira.info\/index.php\/wp-json\/wp\/v2\/posts\/10469"}],"collection":[{"href":"https:\/\/enlamira.info\/index.php\/wp-json\/wp\/v2\/posts"}],"about":[{"href":"https:\/\/enlamira.info\/index.php\/wp-json\/wp\/v2\/types\/post"}],"author":[{"embeddable":true,"href":"https:\/\/enlamira.info\/index.php\/wp-json\/wp\/v2\/users\/2"}],"replies":[{"embeddable":true,"href":"https:\/\/enlamira.info\/index.php\/wp-json\/wp\/v2\/comments?post=10469"}],"version-history":[{"count":1,"href":"https:\/\/enlamira.info\/index.php\/wp-json\/wp\/v2\/posts\/10469\/revisions"}],"predecessor-version":[{"id":10470,"href":"https:\/\/enlamira.info\/index.php\/wp-json\/wp\/v2\/posts\/10469\/revisions\/10470"}],"wp:featuredmedia":[{"embeddable":true,"href":"https:\/\/enlamira.info\/index.php\/wp-json\/wp\/v2\/media\/10471"}],"wp:attachment":[{"href":"https:\/\/enlamira.info\/index.php\/wp-json\/wp\/v2\/media?parent=10469"}],"wp:term":[{"taxonomy":"category","embeddable":true,"href":"https:\/\/enlamira.info\/index.php\/wp-json\/wp\/v2\/categories?post=10469"},{"taxonomy":"post_tag","embeddable":true,"href":"https:\/\/enlamira.info\/index.php\/wp-json\/wp\/v2\/tags?post=10469"}],"curies":[{"name":"wp","href":"https:\/\/api.w.org\/{rel}","templated":true}]}}