{"id":1042,"date":"2024-03-13T11:46:15","date_gmt":"2024-03-13T14:46:15","guid":{"rendered":"https:\/\/enlamira.info\/?p=1042"},"modified":"2024-03-13T11:47:49","modified_gmt":"2024-03-13T14:47:49","slug":"julio-cordero-reemplazara-a-omar-yasin-en-la-secretaria-de-trabajo","status":"publish","type":"post","link":"https:\/\/enlamira.info\/index.php\/2024\/03\/13\/julio-cordero-reemplazara-a-omar-yasin-en-la-secretaria-de-trabajo\/","title":{"rendered":"Julio Cordero reemplazar\u00e1 a Omar Yasin en la Secretar\u00eda de Trabajo"},"content":{"rendered":"\n<p>Se trata de un abogado laboralista del Grupo Techint, colaborador de los equipos libertarios, asesor de Sandra Pettovello y estrechamente relacionado con Nicol\u00e1s Posse.<\/p>\n\n\n\n<p>Tras la\u00a0salida de Omar Yasin de la Secretar\u00eda de Trabajo, confirmada durante una entrevista televisiva con\u00a0Javier Milei, este martes se anunci\u00f3 que\u00a0Julio Cordero ocupar\u00e1 su lugar.\u00a0Se trata de un abogado laboralista del Grupo Techint y colaborador de los equipos libertarios quien, adem\u00e1s, fue uno de los impulsores de la reforma laboral del Decreto de Necesidad y Urgencia (DNU) 70\/23, actualmente detenida por la Justicia.<\/p>\n\n\n\n<p>Fuentes de la Casa Rosada confirmaron, esta misma tarde, el nombramiento de Cordero para la cartera vacante en el Ministerio de Capital Humano. Asimismo, es de destacar que el abogado laboralista asesora a la ministra Sandra Pettovello \u201cdesde hace un a\u00f1o\u201d, seg\u00fan inform\u00f3 un importante colaborador del Gobierno a\u00a0<em>LA NACI\u00d3N<\/em>.<\/p>\n\n\n\n<p>La designaci\u00f3n de Cordero en la secretar\u00eda de Trabajo, Empleo y Seguridad Social no sorprendi\u00f3 a nadie en el \u00e1mbito laboral, ya que se esperaba debido a su buena relaci\u00f3n con el\u00a0jefe de Gabinete,\u00a0Nicol\u00e1s Posse.\u00a0<\/p>\n\n\n\n<p>Para la\u00a0CGT, el letrado siempre fue el responsable \u201cen las sombras\u201d de la pol\u00edtica laboral de Milei, con fuerte influencia en la redacci\u00f3n de la reforma laboral que fue frenada por la C\u00e1mara Nacional de Apelaciones del Trabajo y que termin\u00f3 en la Corte.<\/p>\n\n\n\n<p>Cordero hab\u00eda participado en la \u00faltima reuni\u00f3n del Consejo del Salario en representaci\u00f3n de la Uni\u00f3n Industrial Argentina (UIA). En ese momento, H\u00e9ctor Daer, titular del gremio de Sanidad y uno de los triunviros de la CGT, lo cuestion\u00f3: \u201c\u00bfA qui\u00e9n represent\u00e1s?\u201d. Luego, el sindicalista denunci\u00f3: \u201cCordero particip\u00f3 de reuniones con nosotros en nombre del Gobierno\u201d.<\/p>\n\n\n\n<p>Cordero siempre mantuvo una excelente relaci\u00f3n con los equipos t\u00e9cnicos de Milei, liderados por Posse y en los que participa el economista Federico Strurzenegger, padrino intelectual de las\u00a0reformas impulsadas por Milei en la ley Bases y en el DNU.<\/p>\n\n\n\n<p>La\u00a0reforma laboral\u00a0que figura en ese decreto \u2013y que ahora podr\u00eda volver a impulsarse v\u00eda ley\u2013 incluye la implementaci\u00f3n optativa de un fondo de cese laboral en reemplazo de las indemnizaciones (el modelo Uocra), la modificaci\u00f3n de los intereses por indemnizaci\u00f3n, la reducci\u00f3n de las multas a empresarios por no registraci\u00f3n o registraci\u00f3n defectuosa, la inclusi\u00f3n del bloqueo como causal de despido (lo que impacta en el derecho a huelga) y la no obligatoriedad de la cuota sindical que es retenida a los empleados que no est\u00e1n enrolados en un gremio.<\/p>\n","protected":false},"excerpt":{"rendered":"<p>Se trata de un abogado laboralista del Grupo Techint, colaborador de los equipos libertarios, asesor de Sandra Pettovello y estrechamente relacionado con Nicol\u00e1s Posse. Tras la\u00a0salida de Omar Yasin de la Secretar\u00eda de Trabajo, confirmada durante una entrevista televisiva con\u00a0Javier Milei, este martes se anunci\u00f3 que\u00a0Julio Cordero ocupar\u00e1 su lugar.\u00a0Se trata de un abogado laboralista [&hellip;]<\/p>\n","protected":false},"author":2,"featured_media":1044,"comment_status":"open","ping_status":"open","sticky":false,"template":"","format":"standard","meta":{"footnotes":""},"categories":[20],"tags":[],"_links":{"self":[{"href":"https:\/\/enlamira.info\/index.php\/wp-json\/wp\/v2\/posts\/1042"}],"collection":[{"href":"https:\/\/enlamira.info\/index.php\/wp-json\/wp\/v2\/posts"}],"about":[{"href":"https:\/\/enlamira.info\/index.php\/wp-json\/wp\/v2\/types\/post"}],"author":[{"embeddable":true,"href":"https:\/\/enlamira.info\/index.php\/wp-json\/wp\/v2\/users\/2"}],"replies":[{"embeddable":true,"href":"https:\/\/enlamira.info\/index.php\/wp-json\/wp\/v2\/comments?post=1042"}],"version-history":[{"count":2,"href":"https:\/\/enlamira.info\/index.php\/wp-json\/wp\/v2\/posts\/1042\/revisions"}],"predecessor-version":[{"id":1045,"href":"https:\/\/enlamira.info\/index.php\/wp-json\/wp\/v2\/posts\/1042\/revisions\/1045"}],"wp:featuredmedia":[{"embeddable":true,"href":"https:\/\/enlamira.info\/index.php\/wp-json\/wp\/v2\/media\/1044"}],"wp:attachment":[{"href":"https:\/\/enlamira.info\/index.php\/wp-json\/wp\/v2\/media?parent=1042"}],"wp:term":[{"taxonomy":"category","embeddable":true,"href":"https:\/\/enlamira.info\/index.php\/wp-json\/wp\/v2\/categories?post=1042"},{"taxonomy":"post_tag","embeddable":true,"href":"https:\/\/enlamira.info\/index.php\/wp-json\/wp\/v2\/tags?post=1042"}],"curies":[{"name":"wp","href":"https:\/\/api.w.org\/{rel}","templated":true}]}}