{"id":10415,"date":"2024-08-31T16:59:02","date_gmt":"2024-08-31T19:59:02","guid":{"rendered":"https:\/\/enlamira.info\/?p=10415"},"modified":"2024-08-31T17:02:08","modified_gmt":"2024-08-31T20:02:08","slug":"tras-el-veto-a-la-reforma-jubilatoria-los-piqueteros-convocan-a-una-masiva-movilizacion-contra-el-gobierno","status":"publish","type":"post","link":"https:\/\/enlamira.info\/index.php\/2024\/08\/31\/tras-el-veto-a-la-reforma-jubilatoria-los-piqueteros-convocan-a-una-masiva-movilizacion-contra-el-gobierno\/","title":{"rendered":"Tras el veto a la reforma jubilatoria, los piqueteros convocan a una masiva movilizaci\u00f3n contra el Gobierno"},"content":{"rendered":"\n<p>En respuesta a la decisi\u00f3n del Ejecutivo, los movimientos sociales del peronismo y la izquierda convocaron una nueva protesta para el mi\u00e9rcoles 4 de septiembre.<\/p>\n\n\n\n<p>El 4 de septiembre, los piqueteros volver\u00e1n a las calles para expresar su descontento tras\u00a0el veto presidencial a la\u00a0ley de movilidad jubilatoria, que afecta directamente a los jubilados. La protesta, organizada por agrupaciones sociales del peronismo y la izquierda, comenzar\u00e1 en el Congreso y concluir\u00e1 en Plaza de Mayo.<\/p>\n\n\n\n<p>Los movimientos sociales, incluyendo a la Uni\u00f3n Trabajadores de la Econom\u00eda Popular (UTEP), el Movimiento Evita, el Movimiento de Trabajadores Excluidos (MTE) y Barrios de Pie, anunciaron su participaci\u00f3n en la movilizaci\u00f3n. Estas organizaciones se oponen al\u00a0recorte en el aumento de las jubilaciones\u00a0y criticaron la represi\u00f3n policial sufrida durante las manifestaciones previas frente al Anexo de la C\u00e1mara de Diputados.<\/p>\n\n\n\n<p>Daniel Men\u00e9ndez, coordinador nacional de Barrios de Pie, expres\u00f3: \u201cEste Gobierno se sostiene ajustando a los jubilados. Mientras baja las jubilaciones m\u00ednimas y veta leyes que podr\u00edan mejorar la situaci\u00f3n de los m\u00e1s vulnerables, abre blanqueos y fortalece las exenciones impositivas para los grandes capitales.\u201d<\/p>\n\n\n\n<p>El subsecretario de Econom\u00eda Popular del gobierno bonaerense tambi\u00e9n hizo hincapi\u00e9 en la insensibilidad del Gobierno hacia las demandas sociales, comparando la represi\u00f3n policial contra los jubilados con un acto de cinismo.<\/p>\n\n\n\n<p>Las agrupaciones de izquierda como el Movimiento Socialista de los Trabajadores (MST), el Polo Obrero y MST-Teresa Vive tambi\u00e9n estar\u00e1n presentes en la marcha, condenando lo que consideran un ajuste injusto por parte del presidente Javier Milei.<\/p>\n\n\n\n<p>El Ministerio de Seguridad, liderado por\u00a0Patricia Bullrich, ha implementado el protocolo antipiquetes en previsi\u00f3n de posibles enfrentamientos durante la movilizaci\u00f3n. Este protocolo fue puesto a prueba en junio, durante una protesta similar que result\u00f3 en 16 detenidos.<\/p>\n\n\n\n<p>En los \u00faltimos meses, la influencia de los piqueteros ha disminuido debido a investigaciones sobre presuntas maniobras fraudulentas y coercitivas vinculadas a sus movilizaciones. La Justicia federal abri\u00f3 una investigaci\u00f3n en abril tras recibir denuncias sobre amenazas a beneficiarios de programas sociales que se negaban a participar en las protestas.<\/p>\n","protected":false},"excerpt":{"rendered":"<p>En respuesta a la decisi\u00f3n del Ejecutivo, los movimientos sociales del peronismo y la izquierda convocaron una nueva protesta para el mi\u00e9rcoles 4 de septiembre. El 4 de septiembre, los piqueteros volver\u00e1n a las calles para expresar su descontento tras\u00a0el veto presidencial a la\u00a0ley de movilidad jubilatoria, que afecta directamente a los jubilados. La protesta, [&hellip;]<\/p>\n","protected":false},"author":2,"featured_media":10418,"comment_status":"open","ping_status":"open","sticky":false,"template":"","format":"standard","meta":{"footnotes":""},"categories":[20],"tags":[],"_links":{"self":[{"href":"https:\/\/enlamira.info\/index.php\/wp-json\/wp\/v2\/posts\/10415"}],"collection":[{"href":"https:\/\/enlamira.info\/index.php\/wp-json\/wp\/v2\/posts"}],"about":[{"href":"https:\/\/enlamira.info\/index.php\/wp-json\/wp\/v2\/types\/post"}],"author":[{"embeddable":true,"href":"https:\/\/enlamira.info\/index.php\/wp-json\/wp\/v2\/users\/2"}],"replies":[{"embeddable":true,"href":"https:\/\/enlamira.info\/index.php\/wp-json\/wp\/v2\/comments?post=10415"}],"version-history":[{"count":1,"href":"https:\/\/enlamira.info\/index.php\/wp-json\/wp\/v2\/posts\/10415\/revisions"}],"predecessor-version":[{"id":10416,"href":"https:\/\/enlamira.info\/index.php\/wp-json\/wp\/v2\/posts\/10415\/revisions\/10416"}],"wp:featuredmedia":[{"embeddable":true,"href":"https:\/\/enlamira.info\/index.php\/wp-json\/wp\/v2\/media\/10418"}],"wp:attachment":[{"href":"https:\/\/enlamira.info\/index.php\/wp-json\/wp\/v2\/media?parent=10415"}],"wp:term":[{"taxonomy":"category","embeddable":true,"href":"https:\/\/enlamira.info\/index.php\/wp-json\/wp\/v2\/categories?post=10415"},{"taxonomy":"post_tag","embeddable":true,"href":"https:\/\/enlamira.info\/index.php\/wp-json\/wp\/v2\/tags?post=10415"}],"curies":[{"name":"wp","href":"https:\/\/api.w.org\/{rel}","templated":true}]}}