{"id":10400,"date":"2024-08-31T16:54:24","date_gmt":"2024-08-31T19:54:24","guid":{"rendered":"https:\/\/enlamira.info\/?p=10400"},"modified":"2024-08-31T17:05:17","modified_gmt":"2024-08-31T20:05:17","slug":"equi-fernandez-rompio-el-silencio-tras-su-salida-de-boca-no-pude-hablar-con-riquelme","status":"publish","type":"post","link":"https:\/\/enlamira.info\/index.php\/2024\/08\/31\/equi-fernandez-rompio-el-silencio-tras-su-salida-de-boca-no-pude-hablar-con-riquelme\/","title":{"rendered":"Equi Fern\u00e1ndez rompi\u00f3 el silencio tras su salida de Boca: \u201cno pude hablar con Riquelme\u201d"},"content":{"rendered":"\n<p>El ex mediocampista del xeneize regreso al pa\u00eds tras ser convocado a la Selecci\u00f3n Argentina para la siguiente doble fecha de eliminatorias<\/p>\n\n\n\n<p>Desde su partida al futbol \u00e1rabe, Ezequiel Fern\u00e1ndez desapareci\u00f3 del mapa futbol\u00edstico, siendo la excepci\u00f3n su participaci\u00f3n en los\u00a0JJOO Par\u00eds 2024\u00a0en julio, y quiz\u00e1s, por su gran papel dentro del equipo de Javier Mascherano, fue que\u00a0Equi se gan\u00f3 su lugar dentro de la selecci\u00f3n mayor para la siguiente doble fecha de eliminatorias frente a Chile y Colombia\u00a0de cara al mundial 2026.<\/p>\n\n\n\n<p>No hab\u00eda hablado p\u00fablicamente, \u00fanicamente una despedida de Boca a trav\u00e9s de sus redes sociales y con m\u00e1s inc\u00f3gnitas sin contestar que certezas sobre su salida, el\u00a0Equi fue presentado en el Al-Qadisiya\u00a0tras ejecutar su cl\u00e1usula de salida.<\/p>\n\n\n\n<p>Ahora, el mediocampista surgido de Boca Predio regres\u00f3 al pa\u00eds para poder hacer su debut en la selecci\u00f3n comandada por el DT de Pujato y la charla con los medios fue inevitable:\u00a0<em>\u201cMe convoc\u00f3, as\u00ed que muy contento por eso. Fue duro cuando me convocaron y no pude estar por la lesi\u00f3n, pero ahora lo voy a disfrutar mucho. Voy a tratar de aportar lo m\u00edo\u201d<\/em>, arranc\u00f3 declarando el Equi mientras se dirig\u00eda a la salida del aeropuerto de Ezeiza<\/p>\n\n\n\n<figure class=\"wp-block-embed is-type-rich is-provider-twitter wp-block-embed-twitter\"><div class=\"wp-block-embed__wrapper\">\n<blockquote class=\"twitter-tweet\" data-width=\"550\" data-dnt=\"true\"><p lang=\"es\" dir=\"ltr\"><a href=\"https:\/\/twitter.com\/hashtag\/ExBoca?src=hash&amp;ref_src=twsrc%5Etfw\">#ExBoca<\/a> | Equi Fern\u00e1ndez al llegar al pa\u00eds para sumarse a <a href=\"https:\/\/twitter.com\/Argentina?ref_src=twsrc%5Etfw\">@Argentina<\/a>:<br><br>&quot;No pasa nada, estoy contento con la gente del club y con todos los hinchas que siempre me apoyaron.<br><br>Termin\u00f3 todo bien con el Consejo de F\u00fatbol. No pude hablar con Rom\u00e1n&quot;.<a href=\"https:\/\/t.co\/Wm1YFxiK3O\">pic.twitter.com\/Wm1YFxiK3O<\/a><\/p>&mdash; Boca Juniors &#8211; La12Tuittera (@la12tuittera) <a href=\"https:\/\/twitter.com\/la12tuittera\/status\/1829904439324639570?ref_src=twsrc%5Etfw\">August 31, 2024<\/a><\/blockquote><script async src=\"https:\/\/platform.twitter.com\/widgets.js\" charset=\"utf-8\"><\/script>\n<\/div><\/figure>\n\n\n\n<p><em>\u201cSe extra\u00f1a Boca\u201d<\/em>&nbsp;confes\u00f3 el volante, y luego aclar\u00f3 c\u00f3mo fue su salida del xeneize:&nbsp;<em>\u201cNo pasa nada que el club no me haya despedido en las redes sociales, siempre voy a estar contento con la gente del club y todos los hinchas que siempre me apoyaron\u201d<\/em>.<\/p>\n\n\n\n<p><em>\u201c\u00bfLa relaci\u00f3n con el Consejo termin\u00f3 bien?\u201d<\/em>, le preguntaron los periodistas presentes en Ezeiza:&nbsp;<em>\u201cS\u00ed, con todos\u201d<\/em>, respondi\u00f3 sin dudar el futbolista de 22 a\u00f1os.&nbsp;<em>\u201c\u00bfPudiste hablar con Riquelme?\u201d<\/em>&nbsp;fue una pregunta que le hicieron y Equi dej\u00f3 en claro:&nbsp;<em>\u201cla verdad que no pude hablar\u201d<\/em>.<\/p>\n\n\n\n<p>El final del Equi en Boca, sin di\u00e1logo con Roman, fue duro para el volante, quien siempre dej\u00f3 en claro que su m\u00e1ximo \u00eddolo y referente futbol\u00edstico es el actual presidente del club de la Ribera. Adem\u00e1s,\u00a0Equi no confirm\u00f3 si estar\u00e1 presente en alg\u00fan palco viendo y alentando a Boca cuando reciba a Rosario Central en la Bombonera.<\/p>\n\n\n\n<h3 class=\"wp-block-heading\"><strong>La lista de convocados de Lionel Scaloni de cara a los pr\u00f3ximos compromisos por eliminatorias sudamericanas:<\/strong><\/h3>\n\n\n\n<figure class=\"wp-block-image size-full\"><img loading=\"lazy\" decoding=\"async\" width=\"360\" height=\"360\" src=\"https:\/\/enlamira.info\/wp-content\/uploads\/2024\/08\/image-21.png\" alt=\"\" class=\"wp-image-10401\" srcset=\"https:\/\/enlamira.info\/wp-content\/uploads\/2024\/08\/image-21.png 360w, https:\/\/enlamira.info\/wp-content\/uploads\/2024\/08\/image-21-300x300.png 300w, https:\/\/enlamira.info\/wp-content\/uploads\/2024\/08\/image-21-150x150.png 150w\" sizes=\"(max-width: 360px) 100vw, 360px\" \/><\/figure>\n","protected":false},"excerpt":{"rendered":"<p>El ex mediocampista del xeneize regreso al pa\u00eds tras ser convocado a la Selecci\u00f3n Argentina para la siguiente doble fecha de eliminatorias Desde su partida al futbol \u00e1rabe, Ezequiel Fern\u00e1ndez desapareci\u00f3 del mapa futbol\u00edstico, siendo la excepci\u00f3n su participaci\u00f3n en los\u00a0JJOO Par\u00eds 2024\u00a0en julio, y quiz\u00e1s, por su gran papel dentro del equipo de Javier [&hellip;]<\/p>\n","protected":false},"author":2,"featured_media":10403,"comment_status":"open","ping_status":"open","sticky":false,"template":"","format":"standard","meta":{"footnotes":""},"categories":[14],"tags":[],"_links":{"self":[{"href":"https:\/\/enlamira.info\/index.php\/wp-json\/wp\/v2\/posts\/10400"}],"collection":[{"href":"https:\/\/enlamira.info\/index.php\/wp-json\/wp\/v2\/posts"}],"about":[{"href":"https:\/\/enlamira.info\/index.php\/wp-json\/wp\/v2\/types\/post"}],"author":[{"embeddable":true,"href":"https:\/\/enlamira.info\/index.php\/wp-json\/wp\/v2\/users\/2"}],"replies":[{"embeddable":true,"href":"https:\/\/enlamira.info\/index.php\/wp-json\/wp\/v2\/comments?post=10400"}],"version-history":[{"count":1,"href":"https:\/\/enlamira.info\/index.php\/wp-json\/wp\/v2\/posts\/10400\/revisions"}],"predecessor-version":[{"id":10402,"href":"https:\/\/enlamira.info\/index.php\/wp-json\/wp\/v2\/posts\/10400\/revisions\/10402"}],"wp:featuredmedia":[{"embeddable":true,"href":"https:\/\/enlamira.info\/index.php\/wp-json\/wp\/v2\/media\/10403"}],"wp:attachment":[{"href":"https:\/\/enlamira.info\/index.php\/wp-json\/wp\/v2\/media?parent=10400"}],"wp:term":[{"taxonomy":"category","embeddable":true,"href":"https:\/\/enlamira.info\/index.php\/wp-json\/wp\/v2\/categories?post=10400"},{"taxonomy":"post_tag","embeddable":true,"href":"https:\/\/enlamira.info\/index.php\/wp-json\/wp\/v2\/tags?post=10400"}],"curies":[{"name":"wp","href":"https:\/\/api.w.org\/{rel}","templated":true}]}}