{"id":10384,"date":"2024-08-30T19:41:45","date_gmt":"2024-08-30T22:41:45","guid":{"rendered":"https:\/\/enlamira.info\/?p=10384"},"modified":"2024-08-30T19:47:57","modified_gmt":"2024-08-30T22:47:57","slug":"angel-di-maria-a-corazon-abierto-sobre-la-seleccion-argentina-en-argentina-si-no-ganas-sos-un-fracasado","status":"publish","type":"post","link":"https:\/\/enlamira.info\/index.php\/2024\/08\/30\/angel-di-maria-a-corazon-abierto-sobre-la-seleccion-argentina-en-argentina-si-no-ganas-sos-un-fracasado\/","title":{"rendered":"\u00c1ngel Di Mar\u00eda a coraz\u00f3n abierto sobre la Selecci\u00f3n Argentina: \u201cEn Argentina, si no gan\u00e1s, sos un fracasado\u201d"},"content":{"rendered":"\n<p>Luego de su retiro de la Selecci\u00f3n, el astro rosarino reflexion\u00f3 de manera intima e hizo un repaso de toda su trayectoria con la camiseta albiceleste.<\/p>\n\n\n\n<p>El silbatazo final de Raphael Claus en el Hard Rock Stadium dio fin a la Copa Am\u00e9rica,\u00a0Argentina se consagr\u00f3 bicampeona de Am\u00e9rica frente a Colombia con un gol de Lautaro Mart\u00ednez. Todo era alegr\u00eda, cuarto t\u00edtulo para la Scaloneta en 3 a\u00f1os, Copa Am\u00e9rica, Finalissima, Copa del Mundo y Copa Am\u00e9rica, pero aunque a muchos se nos pas\u00f3 de largo,\u00a0en aquel momento tambi\u00e9n \u00c1ngel Di Mar\u00eda le puso punto final a su trayectoria con la Selecci\u00f3n Argentina.<\/p>\n\n\n\n<p>A tan solo d\u00edas de enfrentar a Chile (de local) y Colombia (de visitante) por las Eliminatorias Sudamericanas, el DT,\u00a0Lionel Scaloni, dio la lista de convocados y todos ya notamos ese gran vac\u00edo: Di Maria no est\u00e1 entre los presentes, no por lesi\u00f3n, sino que por primera vez es por decisi\u00f3n propia.<\/p>\n\n\n\n<p>En di\u00e1logo con el medio ESPN\u00a0desde Lisboa, el astro con ra\u00edces canallas reflexiono sobre su paso por el combinado nacional en los \u00faltimos a\u00f1os, con algunas l\u00e1grimas en los ojos:\u00a0<em>\u201cPara m\u00ed y para mi familia fueron inolvidables. No lo necesitaba yo, lo necesitaba mi familia. Lo dijo muchas veces mi mujer. Ella estaba en la cancha y escuchaba que me puteaban. Estaban mi viejo y mi mam\u00e1 ah\u00ed, sufriendo. Eso es lo que a uno le hace mal, lo lastima. Pero ahora, el poder escuchar las ovaciones, al final, es lo que me hace feliz. Que mi viejo y mi vieja escuchen el \u2018Di Mar\u00eda\u2019 o el \u2018Fideo, Fideo\u2019 es lo m\u00e1s grande que hay. Ya est\u00e1. No ped\u00eda nada m\u00e1s que eso y lo tuve. Para m\u00ed es lo m\u00e1s lindo\u201d<\/em>, confes\u00f3 el Fideo, notablemente emocionado.<\/p>\n\n\n\n<figure class=\"wp-block-embed is-type-rich is-provider-twitter wp-block-embed-twitter\"><div class=\"wp-block-embed__wrapper\">\n<blockquote class=\"twitter-tweet\" data-width=\"550\" data-dnt=\"true\"><p lang=\"es\" dir=\"ltr\">&quot;QUE MI VIEJA Y MI VIEJO ESCUCHEN &#39;EL DI MAR\u00cdA O FIDEEEO, FIDEEEO&#39; ES LO M\u00c1S GRANDE QUE HAY. NO PED\u00cdA NADA M\u00c1S Y LO TUVE AL FINAL, ES LO M\u00c1S LINDO&quot;<br><br>\ud83e\udd72 Las l\u00e1grimas de \u00c1ngel Di Mar\u00eda hablan por s\u00ed solas&#8230;<a href=\"https:\/\/t.co\/nMkV7kScrg\">pic.twitter.com\/nMkV7kScrg<\/a><\/p>&mdash; SportsCenter (@SC_ESPN) <a href=\"https:\/\/twitter.com\/SC_ESPN\/status\/1829451493251989753?ref_src=twsrc%5Etfw\">August 30, 2024<\/a><\/blockquote><script async src=\"https:\/\/platform.twitter.com\/widgets.js\" charset=\"utf-8\"><\/script>\n<\/div><\/figure>\n\n\n\n<p>Sin embargo, no todo fue color de rosas en la carrera de Di Mar\u00eda con la selecci\u00f3n, remont\u00e1ndose a mediados de la d\u00e9cada de 2010, especialmente luego de perder la final de la Copa Am\u00e9rica en 2016:<em>&nbsp;\u201cEstuve varias veces cerca de dejar la Selecci\u00f3n. Una, en la que Leo quiso dejar. Fue despu\u00e9s de la segunda Copa Am\u00e9rica. Ah\u00ed estuve un poco en que quer\u00eda dejar. Mi mujer siempre estuvo ah\u00ed atr\u00e1s, insisti\u00e9ndome con que siga, con que en alg\u00fan momento se me iba a dar. Mi mam\u00e1 tambi\u00e9n. Despu\u00e9s, pas\u00f3 la del 2019 que perdemos. Ah\u00ed tambi\u00e9n estuve en duda. Mi mam\u00e1 ya me dec\u00eda que deje, que deje de sufrir, que deje de pasarla mal. En Argentina, si no gan\u00e1s, sos un fracasado. Y todo eso ya me hab\u00eda llegado a un l\u00edmite\u201d<\/em>, explic\u00f3 detalladamente \u00c1ngel.<\/p>\n\n\n\n<p>El rosarino remarc\u00f3 el apoyo fundamental de su familia post eliminaci\u00f3n en Copa Am\u00e9rica 2019 para mantener su ilusi\u00f3n de pie para poder levantar un t\u00edtulo con la albiceleste:&nbsp;<em>\u201cOtra vez tuve a mi mujer ah\u00ed atr\u00e1s insisti\u00e9ndome con que siga pele\u00e1ndola hasta el d\u00eda en el que no me citen m\u00e1s. Al final, no le hice caso porque termin\u00e9 dejando yo ahora, je. Pero segu\u00ed peleando un poco m\u00e1s. Fue ella quien me insisti\u00f3 en que salga a hablar, en que demuestre que quer\u00eda estar. Por eso tambi\u00e9n tom\u00e9 esa decisi\u00f3n de hablar, de demostrar que quer\u00eda estar. Volv\u00ed a hablar con Scaloni despu\u00e9s de esa nota que d\u00ed. Y, a partir de ah\u00ed, todo lo que pas\u00f3\u201d<\/em>.<\/p>\n\n\n\n<p>Aunque no todo es futbol de selecci\u00f3n, el Fideo tambi\u00e9n reflexiona y cuestion\u00f3 el lugar que podr\u00eda ocupar dentro de la historia del f\u00fatbol Argentino y entre risas y bromas con el periodista que lo entrevist\u00f3, \u00c1ngel brome\u00f3:\u00a0<em>\u201cEs como estar primero porque Leo (Messi) y Diego (Maradona) son de otro planeta (\u2026) Con haber podido jugar con Leo y tenerlo a Diego como entrenador, ya est\u00e1\u201d<\/em>\u00a0sentenci\u00f3 el rosarino.<\/p>\n\n\n\n<figure class=\"wp-block-embed is-type-rich is-provider-twitter wp-block-embed-twitter\"><div class=\"wp-block-embed__wrapper\">\n<blockquote class=\"twitter-tweet\" data-width=\"550\" data-dnt=\"true\"><p lang=\"es\" dir=\"ltr\">\ud83d\udd1f &quot;EL DIEGO PARA M\u00cd ERA M\u00c1S UN AMIGO, UN COMPA\u00d1ERO, UN HERMANO, UN PAP\u00c1&#8230; ES LO M\u00c1S GRANDE QUE HAY&quot;<br><br>\ud83c\udde6\ud83c\uddf7 &quot;PARA M\u00cd LEO ES EL MEJOR DE LA HISTORIA, PERO EL DIEGO ES EL DIEGO&quot;<br><br>\ud83d\udccc Angelito Di Mar\u00eda y sus pensamientos sobre MESSI y MARADONA: \u00a1Imperdible! <a href=\"https:\/\/t.co\/jV2xVolwvX\">pic.twitter.com\/jV2xVolwvX<\/a><\/p>&mdash; SportsCenter (@SC_ESPN) <a href=\"https:\/\/twitter.com\/SC_ESPN\/status\/1829524764316082639?ref_src=twsrc%5Etfw\">August 30, 2024<\/a><\/blockquote><script async src=\"https:\/\/platform.twitter.com\/widgets.js\" charset=\"utf-8\"><\/script>\n<\/div><\/figure>\n\n\n\n<p>Finalmente, Di Mar\u00eda fue consultado por los entrenadores que lo han marcado a lo largo de su carrera y la respuesta del Fideo fue contundente:&nbsp;<em>\u201cScaloni sin dudas, es un gran entrenador en todo sentido. Por el cuerpo t\u00e9cnico que tiene, por c\u00f3mo tiene esa conexi\u00f3n con el jugador y por c\u00f3mo plantea los partidos, es perfecto, creo que es uno de los mejores. Despu\u00e9s, Alejandro (Sabella) tambi\u00e9n fue un entrenador que me marc\u00f3 much\u00edsimo, aprend\u00ed much\u00edsimo con \u00e9l\u201d<\/em>&nbsp;Y, sin pelos en la lengua, sentenci\u00f3 quien fue el peor DT que lo haya dirigido:&nbsp;<em>\u201cVan Gaal, eso te lo aseguro\u201d<\/em>.<\/p>\n","protected":false},"excerpt":{"rendered":"<p>Luego de su retiro de la Selecci\u00f3n, el astro rosarino reflexion\u00f3 de manera intima e hizo un repaso de toda su trayectoria con la camiseta albiceleste. El silbatazo final de Raphael Claus en el Hard Rock Stadium dio fin a la Copa Am\u00e9rica,\u00a0Argentina se consagr\u00f3 bicampeona de Am\u00e9rica frente a Colombia con un gol de [&hellip;]<\/p>\n","protected":false},"author":2,"featured_media":10387,"comment_status":"open","ping_status":"open","sticky":false,"template":"","format":"standard","meta":{"footnotes":""},"categories":[14],"tags":[],"_links":{"self":[{"href":"https:\/\/enlamira.info\/index.php\/wp-json\/wp\/v2\/posts\/10384"}],"collection":[{"href":"https:\/\/enlamira.info\/index.php\/wp-json\/wp\/v2\/posts"}],"about":[{"href":"https:\/\/enlamira.info\/index.php\/wp-json\/wp\/v2\/types\/post"}],"author":[{"embeddable":true,"href":"https:\/\/enlamira.info\/index.php\/wp-json\/wp\/v2\/users\/2"}],"replies":[{"embeddable":true,"href":"https:\/\/enlamira.info\/index.php\/wp-json\/wp\/v2\/comments?post=10384"}],"version-history":[{"count":1,"href":"https:\/\/enlamira.info\/index.php\/wp-json\/wp\/v2\/posts\/10384\/revisions"}],"predecessor-version":[{"id":10385,"href":"https:\/\/enlamira.info\/index.php\/wp-json\/wp\/v2\/posts\/10384\/revisions\/10385"}],"wp:featuredmedia":[{"embeddable":true,"href":"https:\/\/enlamira.info\/index.php\/wp-json\/wp\/v2\/media\/10387"}],"wp:attachment":[{"href":"https:\/\/enlamira.info\/index.php\/wp-json\/wp\/v2\/media?parent=10384"}],"wp:term":[{"taxonomy":"category","embeddable":true,"href":"https:\/\/enlamira.info\/index.php\/wp-json\/wp\/v2\/categories?post=10384"},{"taxonomy":"post_tag","embeddable":true,"href":"https:\/\/enlamira.info\/index.php\/wp-json\/wp\/v2\/tags?post=10384"}],"curies":[{"name":"wp","href":"https:\/\/api.w.org\/{rel}","templated":true}]}}