{"id":1031,"date":"2024-03-13T11:43:48","date_gmt":"2024-03-13T14:43:48","guid":{"rendered":"https:\/\/enlamira.info\/?p=1031"},"modified":"2024-03-13T11:50:01","modified_gmt":"2024-03-13T14:50:01","slug":"alberto-fernandez-critico-a-javier-milei-por-la-inflacion-y-defendio-su-gestion-es-hora-de-cambiar-el-rumbo","status":"publish","type":"post","link":"https:\/\/enlamira.info\/index.php\/2024\/03\/13\/alberto-fernandez-critico-a-javier-milei-por-la-inflacion-y-defendio-su-gestion-es-hora-de-cambiar-el-rumbo\/","title":{"rendered":"Alberto Fern\u00e1ndez critic\u00f3 a Javier Milei por la inflaci\u00f3n y defendi\u00f3 su gesti\u00f3n: \u201cEs hora de cambiar el rumbo\u201d"},"content":{"rendered":"\n<p>El expresidente traz\u00f3 un paralelismo entre los \u00edndices econ\u00f3micos de su mandato con la de su sucesor.<\/p>\n\n\n\n<p>El\u00a0ex presidente\u00a0Alberto Fern\u00e1ndez, quien ha estado fuera del pa\u00eds desde que dej\u00f3 la presidencia, utiliz\u00f3 las redes sociales para expresar su preocupaci\u00f3n por los \u00edndices de inflaci\u00f3n registrados durante los tres meses de gobierno de Javier Milei. Para ello, con un particular recorte,\u00a0compar\u00f3 su gesti\u00f3n con la del libertario y remat\u00f3 con un consejo: \u201cEs hora de cambiar el rumbo\u201d.<\/p>\n\n\n\n<p>\u201cLa inflaci\u00f3n durante el periodo diciembre-febrero ha alcanzado casi el 60%. La pol\u00edtica de ajuste est\u00e1 sumiendo a la econom\u00eda en una profunda depresi\u00f3n, con consecuencias sociales de gran magnitud\u201d, expres\u00f3 el exmandatario en su an\u00e1lisis econ\u00f3mico y tras dejar un r\u00e9cord inflacionario en su propia gesti\u00f3n, con\u00a0Sergio Massa\u00a0de ministro de Econom\u00eda.<\/p>\n\n\n\n<p>Tambi\u00e9n destac\u00f3 lo que defini\u00f3 como \u201cla alarmante ca\u00edda del 12,4% en el \u00cdndice de Producci\u00f3n Industrial Manufacturero (IPIM)\u201d durante enero, lo que, seg\u00fan \u00e9l, \u201cobliga a dirigir la atenci\u00f3n ciudadana hacia esta situaci\u00f3n\u201d.<\/p>\n\n\n\n<p>Para Fern\u00e1ndez, imputado por el\u00a0esc\u00e1ndalo de los seguros\u00a0y desvinculado del liderazgo del Partido Justicialista, los altos \u00edndices econ\u00f3micos durante la administraci\u00f3n de Milei \u201cconducen a un incremento descontrolado de los precios, un aumento del desempleo, un incremento de la pobreza y un estancamiento econ\u00f3mico\u201d.<\/p>\n\n\n\n<p>\u201cEstos datos nos remontan a los momentos m\u00e1s cr\u00edticos de nuestra historia, exigiendo un cambio de rumbo inmediato por parte del gobierno\u201d, a\u00f1adi\u00f3 en un giro imperativo en su discurso.<\/p>\n\n\n\n<p>En un hilo de dos posteos en la red social, Fern\u00e1ndez compar\u00f3 datos econ\u00f3micos de su gesti\u00f3n con los de Milei, omitiendo autocr\u00edtica y pidiendo un cambio en las pol\u00edticas econ\u00f3micas.\u00a0Asimismo, le pidi\u00f3 al Gobierno que deje de \u201cmentirle\u201d a la ciudadan\u00eda y que el actual mandatario modifique el rumbo econ\u00f3mico:\u00a0\u201cBasta de mentirle a las argentinas y a los argentinos. Es hora de cambiar el rumbo\u201d, inst\u00f3.<\/p>\n\n\n\n<p>En la comparaci\u00f3n, Fern\u00e1ndez tom\u00f3 los datos de enero 2023, mientras estaba a cargo del Ejecutivo, y los contrast\u00f3 con los del mismo per\u00edodo de este a\u00f1o, primer mes completo de gobierno de Milei.&nbsp;El ex presidente propuso para la comparaci\u00f3n datos como el \u00cdndice de Producci\u00f3n Industrial Manufacturero (INDEC), el \u00cdndice de producci\u00f3n nacional de autom\u00f3viles (ADEFA) y el \u00cdndice de producci\u00f3n industrial (CAME).<\/p>\n\n\n\n<p>En respuesta al posteo,\u00a0el\u00a0vocero presidencial,\u00a0Manuel Adorni\u00a0sali\u00f3 al cruce y calific\u00f3 al ex mandatario como \u201cel responsable de uno de los peores gobiernos de la historia\u201d.<\/p>\n\n\n\n<p>Para justificar su ponderaci\u00f3n, Adorni enumer\u00f3 lo que llam\u00f3 \u201calgunas cuestiones\u201d que respresentaron al gobierno de Fern\u00e1ndez:\u00a0\u201cInflaci\u00f3n, inseguridad, decadencia, pobreza y aislamiento mundial son solo algunas de las cuestiones que ustedes han representado m\u00e1s fielmente\u201d.<\/p>\n\n\n\n<p>En este marco, sostuvo que los funcionarios kirchneristas \u201chan profesado la desidia empobreciendo e hipotecando el futuro de tantos\u201d y, por lo tanto, deben \u201cpor fin comprender\u201d que los argentinos eligieron \u201csalir adelante dejando atr\u00e1s el populismo y el enga\u00f1o\u201d.&nbsp;\u201cSe ha decidido tener un futuro digno y pr\u00f3spero: para lograrlo le informo que algunas cuestiones ya no ser\u00e1n parte del camino\u201d, concluy\u00f3.<\/p>\n","protected":false},"excerpt":{"rendered":"<p>El expresidente traz\u00f3 un paralelismo entre los \u00edndices econ\u00f3micos de su mandato con la de su sucesor. El\u00a0ex presidente\u00a0Alberto Fern\u00e1ndez, quien ha estado fuera del pa\u00eds desde que dej\u00f3 la presidencia, utiliz\u00f3 las redes sociales para expresar su preocupaci\u00f3n por los \u00edndices de inflaci\u00f3n registrados durante los tres meses de gobierno de Javier Milei. Para [&hellip;]<\/p>\n","protected":false},"author":2,"featured_media":1033,"comment_status":"open","ping_status":"open","sticky":false,"template":"","format":"standard","meta":{"footnotes":""},"categories":[20],"tags":[],"_links":{"self":[{"href":"https:\/\/enlamira.info\/index.php\/wp-json\/wp\/v2\/posts\/1031"}],"collection":[{"href":"https:\/\/enlamira.info\/index.php\/wp-json\/wp\/v2\/posts"}],"about":[{"href":"https:\/\/enlamira.info\/index.php\/wp-json\/wp\/v2\/types\/post"}],"author":[{"embeddable":true,"href":"https:\/\/enlamira.info\/index.php\/wp-json\/wp\/v2\/users\/2"}],"replies":[{"embeddable":true,"href":"https:\/\/enlamira.info\/index.php\/wp-json\/wp\/v2\/comments?post=1031"}],"version-history":[{"count":2,"href":"https:\/\/enlamira.info\/index.php\/wp-json\/wp\/v2\/posts\/1031\/revisions"}],"predecessor-version":[{"id":1035,"href":"https:\/\/enlamira.info\/index.php\/wp-json\/wp\/v2\/posts\/1031\/revisions\/1035"}],"wp:featuredmedia":[{"embeddable":true,"href":"https:\/\/enlamira.info\/index.php\/wp-json\/wp\/v2\/media\/1033"}],"wp:attachment":[{"href":"https:\/\/enlamira.info\/index.php\/wp-json\/wp\/v2\/media?parent=1031"}],"wp:term":[{"taxonomy":"category","embeddable":true,"href":"https:\/\/enlamira.info\/index.php\/wp-json\/wp\/v2\/categories?post=1031"},{"taxonomy":"post_tag","embeddable":true,"href":"https:\/\/enlamira.info\/index.php\/wp-json\/wp\/v2\/tags?post=1031"}],"curies":[{"name":"wp","href":"https:\/\/api.w.org\/{rel}","templated":true}]}}