{"id":10290,"date":"2024-08-27T19:41:47","date_gmt":"2024-08-27T22:41:47","guid":{"rendered":"https:\/\/enlamira.info\/?p=10290"},"modified":"2024-08-27T19:46:38","modified_gmt":"2024-08-27T22:46:38","slug":"el-gobierno-baja-el-impuesto-pais-las-importaciones-pagaran-75-desde-septiembre","status":"publish","type":"post","link":"https:\/\/enlamira.info\/index.php\/2024\/08\/27\/el-gobierno-baja-el-impuesto-pais-las-importaciones-pagaran-75-desde-septiembre\/","title":{"rendered":"El Gobierno baja el impuesto PAIS: las importaciones pagar\u00e1n 7,5% desde septiembre"},"content":{"rendered":"\n<p>Esta medida busca aliviar la carga impositiva sobre los importadores y, en consecuencia, reducir los precios al consumidor.<\/p>\n\n\n\n<p>El\u00a0Gobierno\u00a0tiene preparado el decreto para una\u00a0reducci\u00f3n del impuesto PAIS, que actualmente grava las importaciones de bienes y servicios con un 17,5%,\u00a0llev\u00e1ndolo al 7,5% a partir del 1 de septiembre. Esta medida, que retrotrae la suba impuesta por la gesti\u00f3n de\u00a0Javier Milei\u00a0en diciembre pasado, busca aliviar la carga impositiva sobre los importadores y, en consecuencia, reducir los precios al consumidor, particularmente en productos esenciales como alimentos y electrodom\u00e9sticos.<\/p>\n\n\n\n<p>La decisi\u00f3n fue\u00a0confirmada\u00a0por fuentes del Ministerio de Econom\u00eda, quienes indicaron que la rebaja podr\u00eda extenderse tambi\u00e9n a los gastos en turismo.\u00a0La expectativa del Gobierno es que esta medida contribuya a una baja de precios en las g\u00f3ndolas, beneficiando directamente al consumidor. Seg\u00fan explic\u00f3 el secretario de Producci\u00f3n, Juan Pazos, la reducci\u00f3n del impuesto deber\u00eda reflejarse en una disminuci\u00f3n del precio de productos como el caf\u00e9, at\u00fan, palta y otros bienes importados.<\/p>\n\n\n\n<p>El ministro de Econom\u00eda, Luis Caputo, quien anticip\u00f3 la medida a diversos sectores empresariales, espera que la reducci\u00f3n del impuesto ayude a perforar el piso de inflaci\u00f3n del 4% registrado en julio.\u00a0El objetivo es acelerar la ca\u00edda de la inflaci\u00f3n en septiembre, posiblemente llevando el \u00edndice por debajo del 3%, pese a las recientes subas en tarifas.<\/p>\n\n\n\n<p>No obstante, la reducci\u00f3n del impuesto PAIS generar\u00e1 un desaf\u00edo en el frente fiscal, ya que\u00a0se espera una ca\u00edda del 40% en la recaudaci\u00f3n de este rubro, que en julio pasado aport\u00f3 unos $650.000 millones. El\u00a0Gobierno\u00a0conf\u00eda en que la reducci\u00f3n del costo de las importaciones impulse un aumento en el volumen de compras externas, compensando parcialmente la p\u00e9rdida de ingresos fiscales.<\/p>\n\n\n\n<p>Esta medida tambi\u00e9n responde a las exigencias del Fondo Monetario Internacional, que presion\u00f3 por un tipo de cambio m\u00e1s flexible y la eliminaci\u00f3n del impuesto PAIS antes de fin de a\u00f1o.<\/p>\n","protected":false},"excerpt":{"rendered":"<p>Esta medida busca aliviar la carga impositiva sobre los importadores y, en consecuencia, reducir los precios al consumidor. El\u00a0Gobierno\u00a0tiene preparado el decreto para una\u00a0reducci\u00f3n del impuesto PAIS, que actualmente grava las importaciones de bienes y servicios con un 17,5%,\u00a0llev\u00e1ndolo al 7,5% a partir del 1 de septiembre. Esta medida, que retrotrae la suba impuesta por [&hellip;]<\/p>\n","protected":false},"author":2,"featured_media":10292,"comment_status":"open","ping_status":"open","sticky":false,"template":"","format":"standard","meta":{"footnotes":""},"categories":[22],"tags":[],"_links":{"self":[{"href":"https:\/\/enlamira.info\/index.php\/wp-json\/wp\/v2\/posts\/10290"}],"collection":[{"href":"https:\/\/enlamira.info\/index.php\/wp-json\/wp\/v2\/posts"}],"about":[{"href":"https:\/\/enlamira.info\/index.php\/wp-json\/wp\/v2\/types\/post"}],"author":[{"embeddable":true,"href":"https:\/\/enlamira.info\/index.php\/wp-json\/wp\/v2\/users\/2"}],"replies":[{"embeddable":true,"href":"https:\/\/enlamira.info\/index.php\/wp-json\/wp\/v2\/comments?post=10290"}],"version-history":[{"count":1,"href":"https:\/\/enlamira.info\/index.php\/wp-json\/wp\/v2\/posts\/10290\/revisions"}],"predecessor-version":[{"id":10291,"href":"https:\/\/enlamira.info\/index.php\/wp-json\/wp\/v2\/posts\/10290\/revisions\/10291"}],"wp:featuredmedia":[{"embeddable":true,"href":"https:\/\/enlamira.info\/index.php\/wp-json\/wp\/v2\/media\/10292"}],"wp:attachment":[{"href":"https:\/\/enlamira.info\/index.php\/wp-json\/wp\/v2\/media?parent=10290"}],"wp:term":[{"taxonomy":"category","embeddable":true,"href":"https:\/\/enlamira.info\/index.php\/wp-json\/wp\/v2\/categories?post=10290"},{"taxonomy":"post_tag","embeddable":true,"href":"https:\/\/enlamira.info\/index.php\/wp-json\/wp\/v2\/tags?post=10290"}],"curies":[{"name":"wp","href":"https:\/\/api.w.org\/{rel}","templated":true}]}}