{"id":10259,"date":"2024-08-26T23:08:49","date_gmt":"2024-08-27T02:08:49","guid":{"rendered":"https:\/\/enlamira.info\/?p=10259"},"modified":"2024-08-26T23:21:03","modified_gmt":"2024-08-27T02:21:03","slug":"la-rioja-no-cumplio-con-el-pago-de-un-vencimiento-de-deuda-y-profundiza-el-default","status":"publish","type":"post","link":"https:\/\/enlamira.info\/index.php\/2024\/08\/26\/la-rioja-no-cumplio-con-el-pago-de-un-vencimiento-de-deuda-y-profundiza-el-default\/","title":{"rendered":"La Rioja no cumpli\u00f3 con el pago de un vencimiento de deuda y profundiza el default"},"content":{"rendered":"\n<p>El gobierno provincial, encazado por Ricardo Quintela, argument\u00f3 que no realiz\u00f3 el pago correspondiente porque se encuentra negociando la reestructuraci\u00f3n de la deuda.<\/p>\n\n\n\n<p>La provincia de\u00a0La Rioja, encabezada por el gobernador Ricardo Quintela,\u00a0profundiza su situaci\u00f3n de default\u00a0al anunciar que no pagar\u00e1 el vencimiento de deuda previsto para el 24 de agosto. La deuda en cuesti\u00f3n, reestructurada hace tres a\u00f1os y con vencimiento en 2028, incluye bonos internacionales por un total de\u00a0US$ 300\u00a0millones, originalmente emitidos para financiar un parque e\u00f3lico.<\/p>\n\n\n\n<p>El gobierno riojano justific\u00f3 la falta de pago alegando que\u00a0se encuentra en proceso de negociaci\u00f3n\u00a0con sus acreedores para reestructurar la deuda. El monto adeudado, que asciende a\u00a0US$ 26 millones, es similar al impago de febrero, lo que gener\u00f3 preocupaci\u00f3n y descontento entre los bonistas, quienes ya iniciaron\u00a0acciones legales en la Corte del Distrito Sur de Nueva York.<\/p>\n\n\n\n<p>En medio de esta crisis financiera,\u00a0Quintela recurri\u00f3 a la emisi\u00f3n de\u00a0cuasimonedas\u00a0provinciales, conocidas como \u201cChachos\u201d, para cubrir parte de los gastos de la administraci\u00f3n, convirtiendo a La Rioja en la primera provincia en emitir cuasimonedas en 20 a\u00f1os. Esta situaci\u00f3n no solo deterior\u00f3 la reputaci\u00f3n crediticia de la provincia, sino que tambi\u00e9n complic\u00f3 las relaciones con sus acreedores internacionales.<\/p>\n\n\n\n<p>Los bonistas, que ya hab\u00edan emprendido acciones legales en el pasado, recalcan que\u00a0La Rioja tiene un \u201chistorial particularmente atroz de incumplimiento\u201d, siendo la \u00fanica provincia argentina que volvi\u00f3 a caer en default tras una reestructuraci\u00f3n. Adem\u00e1s, se\u00f1alan que la provincia vendi\u00f3 activos importantes, como el emprendimiento Vientos de Arauco Renovables por US$ 171 millones, antes de incumplir sus obligaciones, lo que consideran un acto de \u201cdesprecio imprudente\u201d hacia sus compromisos financieros.<\/p>\n\n\n\n<p>Esta situaci\u00f3n no solo afecta a La Rioja, sino que tambi\u00e9n\u00a0socava los esfuerzos del\u00a0Gobierno\u00a0nacional para mejorar la percepci\u00f3n del mercado crediticio internacional sobre Argentina.<\/p>\n","protected":false},"excerpt":{"rendered":"<p>El gobierno provincial, encazado por Ricardo Quintela, argument\u00f3 que no realiz\u00f3 el pago correspondiente porque se encuentra negociando la reestructuraci\u00f3n de la deuda. La provincia de\u00a0La Rioja, encabezada por el gobernador Ricardo Quintela,\u00a0profundiza su situaci\u00f3n de default\u00a0al anunciar que no pagar\u00e1 el vencimiento de deuda previsto para el 24 de agosto. La deuda en cuesti\u00f3n, [&hellip;]<\/p>\n","protected":false},"author":2,"featured_media":10261,"comment_status":"open","ping_status":"open","sticky":false,"template":"","format":"standard","meta":{"footnotes":""},"categories":[22],"tags":[],"_links":{"self":[{"href":"https:\/\/enlamira.info\/index.php\/wp-json\/wp\/v2\/posts\/10259"}],"collection":[{"href":"https:\/\/enlamira.info\/index.php\/wp-json\/wp\/v2\/posts"}],"about":[{"href":"https:\/\/enlamira.info\/index.php\/wp-json\/wp\/v2\/types\/post"}],"author":[{"embeddable":true,"href":"https:\/\/enlamira.info\/index.php\/wp-json\/wp\/v2\/users\/2"}],"replies":[{"embeddable":true,"href":"https:\/\/enlamira.info\/index.php\/wp-json\/wp\/v2\/comments?post=10259"}],"version-history":[{"count":1,"href":"https:\/\/enlamira.info\/index.php\/wp-json\/wp\/v2\/posts\/10259\/revisions"}],"predecessor-version":[{"id":10260,"href":"https:\/\/enlamira.info\/index.php\/wp-json\/wp\/v2\/posts\/10259\/revisions\/10260"}],"wp:featuredmedia":[{"embeddable":true,"href":"https:\/\/enlamira.info\/index.php\/wp-json\/wp\/v2\/media\/10261"}],"wp:attachment":[{"href":"https:\/\/enlamira.info\/index.php\/wp-json\/wp\/v2\/media?parent=10259"}],"wp:term":[{"taxonomy":"category","embeddable":true,"href":"https:\/\/enlamira.info\/index.php\/wp-json\/wp\/v2\/categories?post=10259"},{"taxonomy":"post_tag","embeddable":true,"href":"https:\/\/enlamira.info\/index.php\/wp-json\/wp\/v2\/tags?post=10259"}],"curies":[{"name":"wp","href":"https:\/\/api.w.org\/{rel}","templated":true}]}}