{"id":10174,"date":"2024-08-23T16:30:54","date_gmt":"2024-08-23T19:30:54","guid":{"rendered":"https:\/\/enlamira.info\/?p=10174"},"modified":"2024-08-24T00:02:37","modified_gmt":"2024-08-24T03:02:37","slug":"el-gobierno-porteno-designo-a-julio-bocca-como-nuevo-director-del-teatro-colon","status":"publish","type":"post","link":"https:\/\/enlamira.info\/index.php\/2024\/08\/23\/el-gobierno-porteno-designo-a-julio-bocca-como-nuevo-director-del-teatro-colon\/","title":{"rendered":"El gobierno porte\u00f1o design\u00f3 a Julio Bocca como nuevo director del Teatro Col\u00f3n"},"content":{"rendered":"\n<p>Tras la abrupta salida de Jorge Telerman, el ex bailar\u00edn estar\u00e1 al frente de la prestigiosa instituci\u00f3n por decisi\u00f3n de Jorge Macri.<\/p>\n\n\n\n<p>Luego de que el propio Jorge Telerman anunciara en sus redes sociales que hab\u00eda sido desplazado de la direcci\u00f3n del Teatro Col\u00f3n, por el gobierno de la Ciudad de Buenos Aires, tras dos a\u00f1os en el cargo. Desde la secretaria de Cultura porte\u00f1a, se\u00f1alaron que Julio Bocca ser\u00e1 su reemplazo.De este modo el ex bailar\u00edn, quedara a cargo de la direcci\u00f3n ejecutiva del prestigioso s\u00edmbolo de la cultura argentina. Mientras que Gerardo Grieco, ser\u00e1 el encargado de la parte administrativa de la instituci\u00f3n<\/p>\n\n\n\n<p>Ambos, compartieron la conducci\u00f3n del Auditorio Nacional del SODRE, en la ciudad de Montevideo, Uruguay, en donde Bocca reside desde hace unos 10 a\u00f1os. \u201cEstoy muy feliz de volver a casa, muy emocionado y orgulloso de este nuevo comienzo\u201d, sostuvo el artista sobre su designaci\u00f3n.\u201cEl equipo que llevar\u00e1 adelante este plan tiene como prioridades el ordenamiento de los procesos, la recuperaci\u00f3n del foco en la relevancia local y global de la oferta art\u00edstica del Teatro y la promoci\u00f3n de la accesibilidad para todos los p\u00fablicos\u201d, agreg\u00f3 Bocca muy cercano al macrismo.<\/p>\n\n\n\n<p>Desde el espacio de cultura del gobierno que conduce Jorge Macri, indicaron que \u201ccon este cambio de conducci\u00f3n, las autoridades porte\u00f1as se proponen culminar el ciclo iniciado en 2010 con la reforma edilicia, sumando ahora la reforma en el modelo de trabajo para lograr un teatro sostenible basado en la ejemplaridad\u201d.\u201cAl retomar el camino de origen, cuna de los grandes artistas argentinos y de la regi\u00f3n, se promueve la excelencia y rigurosidad art\u00edstica de nuestros talentos, y propicia el equilibrio entre recursos propios y recursos p\u00fablicos\u201d, concluyeron en un escueto comunicado.<\/p>\n","protected":false},"excerpt":{"rendered":"<p>Tras la abrupta salida de Jorge Telerman, el ex bailar\u00edn estar\u00e1 al frente de la prestigiosa instituci\u00f3n por decisi\u00f3n de Jorge Macri. Luego de que el propio Jorge Telerman anunciara en sus redes sociales que hab\u00eda sido desplazado de la direcci\u00f3n del Teatro Col\u00f3n, por el gobierno de la Ciudad de Buenos Aires, tras dos [&hellip;]<\/p>\n","protected":false},"author":2,"featured_media":10176,"comment_status":"open","ping_status":"open","sticky":false,"template":"","format":"standard","meta":{"footnotes":""},"categories":[20],"tags":[],"_links":{"self":[{"href":"https:\/\/enlamira.info\/index.php\/wp-json\/wp\/v2\/posts\/10174"}],"collection":[{"href":"https:\/\/enlamira.info\/index.php\/wp-json\/wp\/v2\/posts"}],"about":[{"href":"https:\/\/enlamira.info\/index.php\/wp-json\/wp\/v2\/types\/post"}],"author":[{"embeddable":true,"href":"https:\/\/enlamira.info\/index.php\/wp-json\/wp\/v2\/users\/2"}],"replies":[{"embeddable":true,"href":"https:\/\/enlamira.info\/index.php\/wp-json\/wp\/v2\/comments?post=10174"}],"version-history":[{"count":1,"href":"https:\/\/enlamira.info\/index.php\/wp-json\/wp\/v2\/posts\/10174\/revisions"}],"predecessor-version":[{"id":10175,"href":"https:\/\/enlamira.info\/index.php\/wp-json\/wp\/v2\/posts\/10174\/revisions\/10175"}],"wp:featuredmedia":[{"embeddable":true,"href":"https:\/\/enlamira.info\/index.php\/wp-json\/wp\/v2\/media\/10176"}],"wp:attachment":[{"href":"https:\/\/enlamira.info\/index.php\/wp-json\/wp\/v2\/media?parent=10174"}],"wp:term":[{"taxonomy":"category","embeddable":true,"href":"https:\/\/enlamira.info\/index.php\/wp-json\/wp\/v2\/categories?post=10174"},{"taxonomy":"post_tag","embeddable":true,"href":"https:\/\/enlamira.info\/index.php\/wp-json\/wp\/v2\/tags?post=10174"}],"curies":[{"name":"wp","href":"https:\/\/api.w.org\/{rel}","templated":true}]}}