{"id":10170,"date":"2024-08-23T16:29:06","date_gmt":"2024-08-23T19:29:06","guid":{"rendered":"https:\/\/enlamira.info\/?p=10170"},"modified":"2024-08-24T00:04:08","modified_gmt":"2024-08-24T03:04:08","slug":"cancilleria-milei-designara-a-un-militante-libertario-en-la-nueva-secretaria-de-culto-y-civilizacion","status":"publish","type":"post","link":"https:\/\/enlamira.info\/index.php\/2024\/08\/23\/cancilleria-milei-designara-a-un-militante-libertario-en-la-nueva-secretaria-de-culto-y-civilizacion\/","title":{"rendered":"Canciller\u00eda: Milei designar\u00e1 a un militante libertario en la nueva Secretar\u00eda de Culto y Civilizaci\u00f3n"},"content":{"rendered":"\n<p>El Presidente firmar\u00e1 un decreto que reformar\u00e1 el Ministerio de Relaciones Exteriores, incluyendo la creaci\u00f3n de la nueva cartera que abordar\u00e1 temas de derechos humanos internacionales y la relaci\u00f3n con el Vaticano.<\/p>\n\n\n\n<p>El presidente Javier Milei se encuentra a punto de firmar un decreto que traer\u00e1 significativos cambios en la estructura de la Canciller\u00eda argentina. La medida incluye la creaci\u00f3n de una Secretar\u00eda de Culto y Civilizaci\u00f3n, una nueva dependencia que tendr\u00e1 a su cargo no solo las relaciones con los diferentes credos, sino tambi\u00e9n temas relacionados con los derechos humanos en el \u00e1mbito internacional y la oposici\u00f3n a la Agenda 2030.El anuncio llega en medio de la renuncia de Francisco S\u00e1nchez, quien hasta ahora ocupaba el cargo de secretario de Culto. Ser\u00e1 reemplazado por el diputado bonaerense Nahuel Sotelo, conocido por su fuerte alineamiento con las ideas libertarias de Milei.\u201cEs un privilegio contar con Nahuel en este equipo; compartimos la visi\u00f3n de que nuestro objetivo es lograr un cambio profundo en la historia del pa\u00eds\u201d, expres\u00f3 la canciller Diana Mondino, quien adelant\u00f3 que Sotelo ser\u00e1 el funcionario que estar\u00e1 a cargo de la nueva cartera.<\/p>\n\n\n\n<p>La reestructuraci\u00f3n de la Canciller\u00eda es parte de un plan m\u00e1s amplio que busca alinear la pol\u00edtica exterior argentina con los principios que Milei ha defendido desde su campa\u00f1a presidencial. La nueva Secretar\u00eda de Culto y Civilizaci\u00f3n no solo se ocupar\u00e1 de las relaciones con el Vaticano, sino que tambi\u00e9n revisar\u00e1 los compromisos internacionales del pa\u00eds en temas como los derechos humanos y la participaci\u00f3n en foros relacionados con la Agenda 2030. Este programa, que aboga por una econom\u00eda verde y pol\u00edticas sociales progresistas, ha sido fuertemente criticado por Milei, quien lo considera una amenaza para la libertad y el desarrollo econ\u00f3mico.El cambio tambi\u00e9n implica una nueva subsecretar\u00eda que se encargar\u00e1 de revisar los acuerdos internacionales en materia de derechos humanos, con un claro enfoque en el alineamiento de Argentina con Estados Unidos e Israel, alej\u00e1ndose de cualquier influencia de ideolog\u00edas de izquierda. La intenci\u00f3n es que esta nueva estructura permita al pa\u00eds tener una voz m\u00e1s clara y alineada con sus intereses en los foros internacionales.<\/p>\n\n\n\n<p>Adem\u00e1s, la abogada \u00darsula Basset, cercana a Karina Milei, ha sido confirmada como asesora en Canciller\u00eda, encargada de filtrar y revisar temas de g\u00e9nero y ambiente en los foros multilaterales. La incorporaci\u00f3n de Basset refuerza el enfoque del gobierno en modificar la forma en que Argentina se relaciona con el resto del mundo en estos temas, ajust\u00e1ndose a los valores promovidos por la administraci\u00f3n Milei.La creaci\u00f3n de la Secretar\u00eda de Culto y Civilizaci\u00f3n se oficializar\u00e1 una vez que Milei firme el decreto, lo que se espera ocurra en los pr\u00f3ximos d\u00edas.<\/p>\n","protected":false},"excerpt":{"rendered":"<p>El Presidente firmar\u00e1 un decreto que reformar\u00e1 el Ministerio de Relaciones Exteriores, incluyendo la creaci\u00f3n de la nueva cartera que abordar\u00e1 temas de derechos humanos internacionales y la relaci\u00f3n con el Vaticano. El presidente Javier Milei se encuentra a punto de firmar un decreto que traer\u00e1 significativos cambios en la estructura de la Canciller\u00eda argentina. [&hellip;]<\/p>\n","protected":false},"author":2,"featured_media":10172,"comment_status":"open","ping_status":"open","sticky":false,"template":"","format":"standard","meta":{"footnotes":""},"categories":[20],"tags":[],"_links":{"self":[{"href":"https:\/\/enlamira.info\/index.php\/wp-json\/wp\/v2\/posts\/10170"}],"collection":[{"href":"https:\/\/enlamira.info\/index.php\/wp-json\/wp\/v2\/posts"}],"about":[{"href":"https:\/\/enlamira.info\/index.php\/wp-json\/wp\/v2\/types\/post"}],"author":[{"embeddable":true,"href":"https:\/\/enlamira.info\/index.php\/wp-json\/wp\/v2\/users\/2"}],"replies":[{"embeddable":true,"href":"https:\/\/enlamira.info\/index.php\/wp-json\/wp\/v2\/comments?post=10170"}],"version-history":[{"count":1,"href":"https:\/\/enlamira.info\/index.php\/wp-json\/wp\/v2\/posts\/10170\/revisions"}],"predecessor-version":[{"id":10171,"href":"https:\/\/enlamira.info\/index.php\/wp-json\/wp\/v2\/posts\/10170\/revisions\/10171"}],"wp:featuredmedia":[{"embeddable":true,"href":"https:\/\/enlamira.info\/index.php\/wp-json\/wp\/v2\/media\/10172"}],"wp:attachment":[{"href":"https:\/\/enlamira.info\/index.php\/wp-json\/wp\/v2\/media?parent=10170"}],"wp:term":[{"taxonomy":"category","embeddable":true,"href":"https:\/\/enlamira.info\/index.php\/wp-json\/wp\/v2\/categories?post=10170"},{"taxonomy":"post_tag","embeddable":true,"href":"https:\/\/enlamira.info\/index.php\/wp-json\/wp\/v2\/tags?post=10170"}],"curies":[{"name":"wp","href":"https:\/\/api.w.org\/{rel}","templated":true}]}}