{"id":10165,"date":"2024-08-23T16:27:12","date_gmt":"2024-08-23T19:27:12","guid":{"rendered":"https:\/\/enlamira.info\/?p=10165"},"modified":"2024-08-24T00:05:59","modified_gmt":"2024-08-24T03:05:59","slug":"bullrich-critico-a-macri-por-apoyar-la-ley-de-movilidad-jubilatoria-y-lo-acuso-de-especular-politicamente","status":"publish","type":"post","link":"https:\/\/enlamira.info\/index.php\/2024\/08\/23\/bullrich-critico-a-macri-por-apoyar-la-ley-de-movilidad-jubilatoria-y-lo-acuso-de-especular-politicamente\/","title":{"rendered":"Bullrich critic\u00f3 a Macri por apoyar la ley de movilidad jubilatoria y lo acus\u00f3 de especular pol\u00edticamente"},"content":{"rendered":"\n<p>La ministra de Seguridad arremeti\u00f3 contra el expresidente por el respaldo del PRO al kirchnerismo, calificando su actitud de ambivalente y acus\u00e1ndolo de atentar contra el plan econ\u00f3mico del gobierno de Milei.<\/p>\n\n\n\n<p>La ministra de Seguridad, Patricia Bullrich, lanz\u00f3 duras cr\u00edticas contra el expresidente Mauricio Macri debido al respaldo del PRO a la ley de movilidad jubilatoria que fue aprobada recientemente en el Senado, una medida que el presidente Javier Milei ya confirm\u00f3 que vetar\u00e1 debido a su impacto en el presupuesto.<\/p>\n\n\n\n<figure class=\"wp-block-image size-full\"><img loading=\"lazy\" decoding=\"async\" width=\"992\" height=\"661\" src=\"https:\/\/enlamira.info\/wp-content\/uploads\/2024\/08\/image-17.png\" alt=\"\" class=\"wp-image-10166\" srcset=\"https:\/\/enlamira.info\/wp-content\/uploads\/2024\/08\/image-17.png 992w, https:\/\/enlamira.info\/wp-content\/uploads\/2024\/08\/image-17-300x200.png 300w, https:\/\/enlamira.info\/wp-content\/uploads\/2024\/08\/image-17-768x512.png 768w\" sizes=\"(max-width: 992px) 100vw, 992px\" \/><\/figure>\n\n\n\n<p>\u201cUno debe estar a favor o en contra del cambio. No se puede mandar a los senadores del PRO a votar a favor de un proyecto fiscalmente irresponsable y luego p\u00fablicamente decir que est\u00e1s en contra. Usan a los senadores como carne de ca\u00f1\u00f3n y eso atenta contra el plan econ\u00f3mico del gobierno que dicen apoyar. Est\u00e1s de un lado o del otro. Basta de especular\u201d, expres\u00f3 Bullrich en un posteo en su red social X (anteriormente conocida como Twitter).<\/p>\n\n\n\n<p>Las declaraciones de Bullrich se sumaron a los cuestionamientos que Milei hizo previamente hacia Macri, destacando la incoherencia del l\u00edder del PRO al apoyar la reforma jubilatoria mientras se muestra p\u00fablicamente en desacuerdo con ella. \u201cO Macri no maneja la tropa o la tropa no entiende el da\u00f1o que est\u00e1n haciendo\u201d, coment\u00f3 el presidente Milei al respecto.La controversia no se limit\u00f3 solo a la cuesti\u00f3n jubilatoria. Bullrich tambi\u00e9n critic\u00f3 al exmandatario por su postura en otro tema sensible: el rechazo del PRO al decreto que autorizaba fondos reservados para la SIDE. Seg\u00fan Milei, los legisladores del PRO votaron en contra del gobierno tras una reuni\u00f3n por Zoom en la que Macri habr\u00eda ordenado apoyar al kirchnerismo. \u201cMe dio explicaciones, pero no me resultaron satisfactorias\u201d, indic\u00f3 el presidente.<\/p>\n","protected":false},"excerpt":{"rendered":"<p>La ministra de Seguridad arremeti\u00f3 contra el expresidente por el respaldo del PRO al kirchnerismo, calificando su actitud de ambivalente y acus\u00e1ndolo de atentar contra el plan econ\u00f3mico del gobierno de Milei. La ministra de Seguridad, Patricia Bullrich, lanz\u00f3 duras cr\u00edticas contra el expresidente Mauricio Macri debido al respaldo del PRO a la ley de [&hellip;]<\/p>\n","protected":false},"author":2,"featured_media":10168,"comment_status":"open","ping_status":"open","sticky":false,"template":"","format":"standard","meta":{"footnotes":""},"categories":[20],"tags":[],"_links":{"self":[{"href":"https:\/\/enlamira.info\/index.php\/wp-json\/wp\/v2\/posts\/10165"}],"collection":[{"href":"https:\/\/enlamira.info\/index.php\/wp-json\/wp\/v2\/posts"}],"about":[{"href":"https:\/\/enlamira.info\/index.php\/wp-json\/wp\/v2\/types\/post"}],"author":[{"embeddable":true,"href":"https:\/\/enlamira.info\/index.php\/wp-json\/wp\/v2\/users\/2"}],"replies":[{"embeddable":true,"href":"https:\/\/enlamira.info\/index.php\/wp-json\/wp\/v2\/comments?post=10165"}],"version-history":[{"count":1,"href":"https:\/\/enlamira.info\/index.php\/wp-json\/wp\/v2\/posts\/10165\/revisions"}],"predecessor-version":[{"id":10167,"href":"https:\/\/enlamira.info\/index.php\/wp-json\/wp\/v2\/posts\/10165\/revisions\/10167"}],"wp:featuredmedia":[{"embeddable":true,"href":"https:\/\/enlamira.info\/index.php\/wp-json\/wp\/v2\/media\/10168"}],"wp:attachment":[{"href":"https:\/\/enlamira.info\/index.php\/wp-json\/wp\/v2\/media?parent=10165"}],"wp:term":[{"taxonomy":"category","embeddable":true,"href":"https:\/\/enlamira.info\/index.php\/wp-json\/wp\/v2\/categories?post=10165"},{"taxonomy":"post_tag","embeddable":true,"href":"https:\/\/enlamira.info\/index.php\/wp-json\/wp\/v2\/tags?post=10165"}],"curies":[{"name":"wp","href":"https:\/\/api.w.org\/{rel}","templated":true}]}}