{"id":10161,"date":"2024-08-22T19:26:12","date_gmt":"2024-08-22T22:26:12","guid":{"rendered":"https:\/\/enlamira.info\/?p=10161"},"modified":"2024-08-22T19:28:26","modified_gmt":"2024-08-22T22:28:26","slug":"los-senadores-congelaron-sus-sueldos-hasta-enero-despues-del-polemico-aumento","status":"publish","type":"post","link":"https:\/\/enlamira.info\/index.php\/2024\/08\/22\/los-senadores-congelaron-sus-sueldos-hasta-enero-despues-del-polemico-aumento\/","title":{"rendered":"Los senadores congelaron sus sueldos hasta enero, despu\u00e9s del pol\u00e9mico aumento"},"content":{"rendered":"\n<p>El controvertido mecanismo de autogesti\u00f3n de las dietas de los legisladores de la C\u00e1mara alta se reactivar\u00e1 en 2025.<\/p>\n\n\n\n<p>El\u00a0Senado de la Naci\u00f3n\u00a0tom\u00f3 una decisi\u00f3n un\u00e1nime al\u00a0anular el reciente aumento en sus salarios\u00a0y congelar sus dietas hasta el 31 de diciembre. Con 65 votos a favor, la C\u00e1mara alta decidi\u00f3 suspender la actualizaci\u00f3n autom\u00e1tica de sus ingresos, que hab\u00eda sido cuestionada desde su implementaci\u00f3n en abril, y que hab\u00eda llevado sus sueldos a m\u00e1s de $7 millones en bruto.<\/p>\n\n\n\n<p>El congelamiento afecta principalmente a dos incrementos previstos para los meses de julio y agosto, los cuales no se aplicar\u00e1n a los\u00a0senadores\u00a0hasta fin de a\u00f1o. No obstante,\u00a0el controvertido mecanismo de autogesti\u00f3n de sus dietas, que fue aprobado en abril,\u00a0se reactivar\u00e1 a partir de enero de 2025. Mientras tanto, la decisi\u00f3n actual busca ofrecer una soluci\u00f3n temporal ante las cr\u00edticas recibidas por el aumento salarial.<\/p>\n\n\n\n<p>Uno de los puntos m\u00e1s destacados del debate fue la propuesta del senador kirchnerista Jos\u00e9 Mayans para\u00a0limitar los sueldos de los principales funcionarios del Estado, incluyendo al Presidente de la Naci\u00f3n, a un m\u00e1ximo de 20 salarios m\u00ednimos vitales y m\u00f3viles. Esta medida tambi\u00e9n afectar\u00eda a jueces de la Corte Suprema y a otros altos funcionarios, cuyo salario no podr\u00eda superar los 15 salarios m\u00ednimos.<\/p>\n\n\n\n<p>Durante la sesi\u00f3n, se escucharon diversas opiniones sobre la medida, incluyendo las de Juan Carlos Romero, quien defendi\u00f3 la necesidad de encontrar una soluci\u00f3n definitiva para la problem\u00e1tica de las dietas de los\u00a0legisladores\u00a0antes de fin de a\u00f1o. Por otro lado, el senador Ezequiel Atauche subray\u00f3 la importancia de\u00a0mostrar \u201cejemplaridad\u201d en el manejo de los recursos p\u00fablicos.<\/p>\n","protected":false},"excerpt":{"rendered":"<p>El controvertido mecanismo de autogesti\u00f3n de las dietas de los legisladores de la C\u00e1mara alta se reactivar\u00e1 en 2025. El\u00a0Senado de la Naci\u00f3n\u00a0tom\u00f3 una decisi\u00f3n un\u00e1nime al\u00a0anular el reciente aumento en sus salarios\u00a0y congelar sus dietas hasta el 31 de diciembre. Con 65 votos a favor, la C\u00e1mara alta decidi\u00f3 suspender la actualizaci\u00f3n autom\u00e1tica de [&hellip;]<\/p>\n","protected":false},"author":2,"featured_media":10163,"comment_status":"open","ping_status":"open","sticky":false,"template":"","format":"standard","meta":{"footnotes":""},"categories":[20],"tags":[],"_links":{"self":[{"href":"https:\/\/enlamira.info\/index.php\/wp-json\/wp\/v2\/posts\/10161"}],"collection":[{"href":"https:\/\/enlamira.info\/index.php\/wp-json\/wp\/v2\/posts"}],"about":[{"href":"https:\/\/enlamira.info\/index.php\/wp-json\/wp\/v2\/types\/post"}],"author":[{"embeddable":true,"href":"https:\/\/enlamira.info\/index.php\/wp-json\/wp\/v2\/users\/2"}],"replies":[{"embeddable":true,"href":"https:\/\/enlamira.info\/index.php\/wp-json\/wp\/v2\/comments?post=10161"}],"version-history":[{"count":1,"href":"https:\/\/enlamira.info\/index.php\/wp-json\/wp\/v2\/posts\/10161\/revisions"}],"predecessor-version":[{"id":10162,"href":"https:\/\/enlamira.info\/index.php\/wp-json\/wp\/v2\/posts\/10161\/revisions\/10162"}],"wp:featuredmedia":[{"embeddable":true,"href":"https:\/\/enlamira.info\/index.php\/wp-json\/wp\/v2\/media\/10163"}],"wp:attachment":[{"href":"https:\/\/enlamira.info\/index.php\/wp-json\/wp\/v2\/media?parent=10161"}],"wp:term":[{"taxonomy":"category","embeddable":true,"href":"https:\/\/enlamira.info\/index.php\/wp-json\/wp\/v2\/categories?post=10161"},{"taxonomy":"post_tag","embeddable":true,"href":"https:\/\/enlamira.info\/index.php\/wp-json\/wp\/v2\/tags?post=10161"}],"curies":[{"name":"wp","href":"https:\/\/api.w.org\/{rel}","templated":true}]}}