{"id":10155,"date":"2024-08-22T19:22:31","date_gmt":"2024-08-22T22:22:31","guid":{"rendered":"https:\/\/enlamira.info\/?p=10155"},"modified":"2024-08-22T19:30:11","modified_gmt":"2024-08-22T22:30:11","slug":"javier-milei-tiene-decidido-vetar-parte-de-la-reforma-jubilatoria-que-aprobo-el-senado","status":"publish","type":"post","link":"https:\/\/enlamira.info\/index.php\/2024\/08\/22\/javier-milei-tiene-decidido-vetar-parte-de-la-reforma-jubilatoria-que-aprobo-el-senado\/","title":{"rendered":"Javier Milei tiene decidido vetar parte de la reforma jubilatoria que aprob\u00f3 el Senado"},"content":{"rendered":"\n<p>El Gobierno anticip\u00f3 que \u201cno hay fondos\u201d para implementarla y asegur\u00f3 que \u201cel equilibrio fiscal es absolutamente innegociable\u201d.<\/p>\n\n\n\n<p>El presidente\u00a0Javier Milei decidi\u00f3 vetar parcialmente la reforma jubilatoria\u00a0recientemente aprobada por el\u00a0Senado, argumentando que la medida es fiscalmente irresponsable y que\u00a0\u201cno hay fondos\u201d\u00a0para implementarla. Seg\u00fan fuentes cercanas al mandatario, el proyecto no ser\u00e1 promulgado en su totalidad debido a que el Gobierno hab\u00eda propuesto modificaciones que no fueron consideradas por los\u00a0legisladores.<\/p>\n\n\n\n<p>El principal foco de conflicto radica en dos art\u00edculos del proyecto de ley. El primero es el art\u00edculo 2, que establece un\u00a0aumento adicional al\u00a0sistema previsional\u00a0basado en un 50% de la variaci\u00f3n anual de la Remuneraci\u00f3n Imponible Promedio de los Trabajadores Estables (RIPTE) por encima del \u00cdndice de Precios al Consumidor (IPC). El segundo es el art\u00edculo 4, que garantiza un\u00a0haber previsional m\u00ednimo\u00a0equivalente al valor de la canasta b\u00e1sica, multiplicado por 1,09, fijada por el INDEC.<\/p>\n\n\n\n<p>La Casa Rosada, a trav\u00e9s de su vocero Manuel Adorni, enfatiz\u00f3 la importancia del\u00a0\u201cequilibrio fiscal\u201d como fundamento del plan econ\u00f3mico del Gobierno. Adorni se\u00f1al\u00f3 que cualquier iniciativa que ponga en riesgo este equilibrio ser\u00e1 vetada. Adem\u00e1s, el subsecretario de Prensa de la Casa Rosada, Lanari, reafirm\u00f3 la postura del Presidente, advirtiendo que el \u201ccosto pol\u00edtico\u201d de la reforma lo pagar\u00e1n quienes la aprobaron, no quienes la vetar\u00e1n.<\/p>\n\n\n\n<p>La reforma jubilatoria, que incluye cambios significativos en la f\u00f3rmula de movilidad jubilatoria,\u00a0fue aprobada con el apoyo del\u00a0kirchnerismo, los radicales y algunos bloques provinciales, tras obtener media sanci\u00f3n en la C\u00e1mara de Diputados en junio.<\/p>\n\n\n\n<p>En sus redes sociales,\u00a0Javier Milei ya hab\u00eda anticipado en julio que no permitir\u00eda que el d\u00e9ficit fiscal volviera a empobrecer a la Argentina, dejando claro que defender\u00eda el equilibrio fiscal \u201ca veto puro\u201d. Con esta acci\u00f3n, el Presidente reafirma su compromiso de mantener la estabilidad econ\u00f3mica, aunque ello signifique confrontar al Poder Legislativo.<\/p>\n","protected":false},"excerpt":{"rendered":"<p>El Gobierno anticip\u00f3 que \u201cno hay fondos\u201d para implementarla y asegur\u00f3 que \u201cel equilibrio fiscal es absolutamente innegociable\u201d. El presidente\u00a0Javier Milei decidi\u00f3 vetar parcialmente la reforma jubilatoria\u00a0recientemente aprobada por el\u00a0Senado, argumentando que la medida es fiscalmente irresponsable y que\u00a0\u201cno hay fondos\u201d\u00a0para implementarla. Seg\u00fan fuentes cercanas al mandatario, el proyecto no ser\u00e1 promulgado en su totalidad [&hellip;]<\/p>\n","protected":false},"author":2,"featured_media":10157,"comment_status":"open","ping_status":"open","sticky":false,"template":"","format":"standard","meta":{"footnotes":""},"categories":[20],"tags":[],"_links":{"self":[{"href":"https:\/\/enlamira.info\/index.php\/wp-json\/wp\/v2\/posts\/10155"}],"collection":[{"href":"https:\/\/enlamira.info\/index.php\/wp-json\/wp\/v2\/posts"}],"about":[{"href":"https:\/\/enlamira.info\/index.php\/wp-json\/wp\/v2\/types\/post"}],"author":[{"embeddable":true,"href":"https:\/\/enlamira.info\/index.php\/wp-json\/wp\/v2\/users\/2"}],"replies":[{"embeddable":true,"href":"https:\/\/enlamira.info\/index.php\/wp-json\/wp\/v2\/comments?post=10155"}],"version-history":[{"count":1,"href":"https:\/\/enlamira.info\/index.php\/wp-json\/wp\/v2\/posts\/10155\/revisions"}],"predecessor-version":[{"id":10156,"href":"https:\/\/enlamira.info\/index.php\/wp-json\/wp\/v2\/posts\/10155\/revisions\/10156"}],"wp:featuredmedia":[{"embeddable":true,"href":"https:\/\/enlamira.info\/index.php\/wp-json\/wp\/v2\/media\/10157"}],"wp:attachment":[{"href":"https:\/\/enlamira.info\/index.php\/wp-json\/wp\/v2\/media?parent=10155"}],"wp:term":[{"taxonomy":"category","embeddable":true,"href":"https:\/\/enlamira.info\/index.php\/wp-json\/wp\/v2\/categories?post=10155"},{"taxonomy":"post_tag","embeddable":true,"href":"https:\/\/enlamira.info\/index.php\/wp-json\/wp\/v2\/tags?post=10155"}],"curies":[{"name":"wp","href":"https:\/\/api.w.org\/{rel}","templated":true}]}}