{"id":10152,"date":"2024-08-22T19:21:10","date_gmt":"2024-08-22T22:21:10","guid":{"rendered":"https:\/\/enlamira.info\/?p=10152"},"modified":"2024-08-22T19:31:06","modified_gmt":"2024-08-22T22:31:06","slug":"se-aprobo-la-reforma-jubilatoria-en-el-senado","status":"publish","type":"post","link":"https:\/\/enlamira.info\/index.php\/2024\/08\/22\/se-aprobo-la-reforma-jubilatoria-en-el-senado\/","title":{"rendered":"Se aprob\u00f3 la reforma jubilatoria en el Senado"},"content":{"rendered":"\n<p>Con el apoyo del kirchnerismo, los radicales y bloques provinciales, la C\u00e1mara alta aprob\u00f3 la iniciativa a pesar de que el presidente Javier Milei advirti\u00f3 que la vetar\u00eda.<\/p>\n\n\n\n<figure class=\"wp-block-embed is-type-video is-provider-youtube wp-block-embed-youtube wp-embed-aspect-16-9 wp-has-aspect-ratio\"><div class=\"wp-block-embed__wrapper\">\n<iframe loading=\"lazy\" title=\"SESI\u00d3N 22-08-24\" width=\"640\" height=\"360\" src=\"https:\/\/www.youtube.com\/embed\/OA9d8xZ2MzE?feature=oembed\" frameborder=\"0\" allow=\"accelerometer; autoplay; clipboard-write; encrypted-media; gyroscope; picture-in-picture; web-share\" referrerpolicy=\"strict-origin-when-cross-origin\" allowfullscreen><\/iframe>\n<\/div><\/figure>\n\n\n\n<p>Finalmente el Senado aprob\u00f3 la ley de movilidad jubilatoria, en general y en particular, en donde se establece una suba del 8,1% y una actualizaci\u00f3n mensual sujeta al \u00cdndice de Precios al Consumidor (IPC). Algo que el presidente Javier Milei adelant\u00f3 que vetar\u00e1 para mantener el equilibrio fiscal.<\/p>\n\n\n\n<p>Con 61 votos afirmativos, ocho negativos y cero abstenciones, la norma fue aprobada y cont\u00f3 con el apoyo del kirchnerismo, los radicales y los bloques provinciales. Tan solo votaron en contra los seis legisladores de La Libertad Avanza y una del PRO.<\/p>\n\n\n\n<p>Este jueves, el Senado de la Naci\u00f3nesutvo inmerso en un intenso debate que abarca dos temas cruciales: la\u00a0recomposici\u00f3n de las jubilaciones\u00a0y la marcha atr\u00e1s en el\u00a0reciente aumento salarial\u00a0del 6,5% otorgado a los senadores, que elev\u00f3 sus dietas a casi $9 millones. La sesi\u00f3n, que comenz\u00f3 a las 11:12, estuvo marcada por la tensi\u00f3n pol\u00edtica, tanto dentro como fuera del recinto.<\/p>\n\n\n\n<p>Desde el inicio del debate, senadores radicales, como\u00a0Flavio Fama y Pablo Blanco, exigieron la conformaci\u00f3n de comisiones pendientes, lo que provoc\u00f3 un fuerte cruce con\u00a0Jos\u00e9 Mayans, presidente del bloque kirchnerista, quien acus\u00f3 a la oposici\u00f3n de violar la representaci\u00f3n de Uni\u00f3n por la Patria.<\/p>\n\n\n\n<p>La presidenta del Senado,\u00a0Victoria Villarruel, dio comienzo a la sesi\u00f3n con la firme intenci\u00f3n de abordar tanto la cuesti\u00f3n de los sueldos de los senadores como la recomposici\u00f3n jubilatoria. Bartolom\u00e9 Abdala, senador libertario y presidente provisional de la c\u00e1mara Alta, destac\u00f3 que los senadores est\u00e1n entendiendo \u201cel mandato de la gente\u201d al rechazar el aumento salarial que encendi\u00f3 la pol\u00e9mica.<\/p>\n\n\n\n<p>Por su parte,\u00a0Eduardo \u201cWado\u201d de Pedro, ex ministro del Interior y senador kirchnerista, hizo un llamado a \u201cponerles un tope a los sueldos\u201d de los legisladores, jueces y otras autoridades del Estado. Tambi\u00e9n aprovech\u00f3 para criticar la gesti\u00f3n de Milei, acus\u00e1ndolo de no tener diferencias con Villarruel en pol\u00edticas que, seg\u00fan \u00e9l, afectan negativamente a los trabajadores y jubilados.<\/p>\n\n\n\n<p>La sesi\u00f3n transcurri\u00f3 en un clima de alta tensi\u00f3n, exacerbado por la creciente interna entre\u00a0Milei y Villarruel, quienes mantienen un duro enfrentamiento sobre c\u00f3mo manejar la crisis en torno a los sueldos de los senadores. Con el debate en pleno desarrollo, se espera que las decisiones tomadas hoy en el Senado tengan un impacto significativo en el panorama pol\u00edtico y econ\u00f3mico del pa\u00eds.<\/p>\n\n\n\n<p>En paralelo, minutos antes del inicio de la sesi\u00f3n, el presidente\u00a0Javier Milei\u00a0ratific\u00f3 su intenci\u00f3n de vetar la reforma jubilatoria si es aprobada por el Senado. \u201cEl costo pol\u00edtico lo van a pagar los degenerados fiscales\u201d, sentenci\u00f3 a trav\u00e9s de un reposteo en X, reafirmando su postura de mantener el equilibrio fiscal como pilar de su plan econ\u00f3mico.<\/p>\n","protected":false},"excerpt":{"rendered":"<p>Con el apoyo del kirchnerismo, los radicales y bloques provinciales, la C\u00e1mara alta aprob\u00f3 la iniciativa a pesar de que el presidente Javier Milei advirti\u00f3 que la vetar\u00eda. Finalmente el Senado aprob\u00f3 la ley de movilidad jubilatoria, en general y en particular, en donde se establece una suba del 8,1% y una actualizaci\u00f3n mensual sujeta [&hellip;]<\/p>\n","protected":false},"author":2,"featured_media":10154,"comment_status":"open","ping_status":"open","sticky":false,"template":"","format":"standard","meta":{"footnotes":""},"categories":[20],"tags":[],"_links":{"self":[{"href":"https:\/\/enlamira.info\/index.php\/wp-json\/wp\/v2\/posts\/10152"}],"collection":[{"href":"https:\/\/enlamira.info\/index.php\/wp-json\/wp\/v2\/posts"}],"about":[{"href":"https:\/\/enlamira.info\/index.php\/wp-json\/wp\/v2\/types\/post"}],"author":[{"embeddable":true,"href":"https:\/\/enlamira.info\/index.php\/wp-json\/wp\/v2\/users\/2"}],"replies":[{"embeddable":true,"href":"https:\/\/enlamira.info\/index.php\/wp-json\/wp\/v2\/comments?post=10152"}],"version-history":[{"count":1,"href":"https:\/\/enlamira.info\/index.php\/wp-json\/wp\/v2\/posts\/10152\/revisions"}],"predecessor-version":[{"id":10153,"href":"https:\/\/enlamira.info\/index.php\/wp-json\/wp\/v2\/posts\/10152\/revisions\/10153"}],"wp:featuredmedia":[{"embeddable":true,"href":"https:\/\/enlamira.info\/index.php\/wp-json\/wp\/v2\/media\/10154"}],"wp:attachment":[{"href":"https:\/\/enlamira.info\/index.php\/wp-json\/wp\/v2\/media?parent=10152"}],"wp:term":[{"taxonomy":"category","embeddable":true,"href":"https:\/\/enlamira.info\/index.php\/wp-json\/wp\/v2\/categories?post=10152"},{"taxonomy":"post_tag","embeddable":true,"href":"https:\/\/enlamira.info\/index.php\/wp-json\/wp\/v2\/tags?post=10152"}],"curies":[{"name":"wp","href":"https:\/\/api.w.org\/{rel}","templated":true}]}}