{"id":10126,"date":"2024-08-21T19:35:15","date_gmt":"2024-08-21T22:35:15","guid":{"rendered":"https:\/\/enlamira.info\/?p=10126"},"modified":"2024-08-21T19:38:38","modified_gmt":"2024-08-21T22:38:38","slug":"el-pro-cuestiono-al-gobierno-por-los-recursos-extras-a-la-side-esto-no-es-el-cambio","status":"publish","type":"post","link":"https:\/\/enlamira.info\/index.php\/2024\/08\/21\/el-pro-cuestiono-al-gobierno-por-los-recursos-extras-a-la-side-esto-no-es-el-cambio\/","title":{"rendered":"El PRO cuestion\u00f3 al Gobierno por los recursos extras a la SIDE: \u201cEsto no es el cambio\u201d"},"content":{"rendered":"\n<p>El espacio que lidera Mauricio Macri sali\u00f3 al cruce del oficialismo por el DNU que incrementaba en $100 mil millones los fondos reservados del \u00e1rea de inteligencia y que fue rechazado en Diputados.<\/p>\n\n\n\n<p>Tras ser clave en\u00a0la votaci\u00f3n\u00a0dentro de la\u00a0C\u00e1mara de Diputados, que rechaz\u00f3 el decreto de necesidad y urgencia (DNU) firmado por el presidente\u00a0Javier Milei, que incrementaba en 100 mil millones de pesos los fondos reservados para la\u00a0Secretaria de Inteligencia del Estado\u00a0(SIDE), el\u00a0PRO\u00a0envi\u00f3 un duro mensaje al Gobierno.<\/p>\n\n\n\n<p>\u201cEsto no es el cambio\u201d, indicaron desde el espacio que conduce\u00a0Mauricio Macri\u00a0en un duro comunicado difundido en las redes sociales, minutos despu\u00e9s de la votaci\u00f3n en la C\u00e1mara baja.<\/p>\n\n\n\n<p>\u201cDesde el inicio de esta gesti\u00f3n, apoyamos al gobierno en todas las medidas que apuntalaban al cambio en la Argentina\u00a0(la Ley de Bases, la ampliaci\u00f3n de datos gen\u00e9ticos para seguridad, y m\u00e1s). Pero este DNU de $100 mil millones para inteligencia,\u00a0en un contexto en el que \u201cno hay plata\u201d, y sin aclarar el uso de los fondos, no es el cambio\u201d, prosigue el texto publicado en\u00a0X\u00a0(ex Twitter).<\/p>\n\n\n\n<p>A lo que agrega: \u201cEl progreso econ\u00f3mico requiere instituciones fuertes y transparentes, y de un gobierno austero. En el PRO esos valores son innegociables\u201d.<\/p>\n\n\n\n<p>El mensaje apunta directamente al presidente Javier Milei y su entorno m\u00e1s cercano y sigue en la l\u00ednea de las cr\u00edticas que Macri le hab\u00eda hecho al libertario respecto a quienes lo rodean y los errores que comete por seguir ciegamente su concejo. M\u00e1s premisamente en referencia a\u00a0Santiago Caputo\u00a0y\u00a0Karina Milei.<\/p>\n\n\n\n<p>Adem\u00e1s, el texto marca a\u00fan m\u00e1s las diferencia con la ex l\u00edder del partido amarillo y actual\u00a0ministra de Seguridad\u00a0de Milei,\u00a0Patricia Bullrich, quien r\u00e1pidamente sali\u00f3 al cruce de los diputados que votaron en contra del DNU y los acus\u00f3 de elegir \u201cel lado de las mafias\u201d.<\/p>\n","protected":false},"excerpt":{"rendered":"<p>El espacio que lidera Mauricio Macri sali\u00f3 al cruce del oficialismo por el DNU que incrementaba en $100 mil millones los fondos reservados del \u00e1rea de inteligencia y que fue rechazado en Diputados. Tras ser clave en\u00a0la votaci\u00f3n\u00a0dentro de la\u00a0C\u00e1mara de Diputados, que rechaz\u00f3 el decreto de necesidad y urgencia (DNU) firmado por el presidente\u00a0Javier [&hellip;]<\/p>\n","protected":false},"author":2,"featured_media":10128,"comment_status":"open","ping_status":"open","sticky":false,"template":"","format":"standard","meta":{"footnotes":""},"categories":[20],"tags":[],"_links":{"self":[{"href":"https:\/\/enlamira.info\/index.php\/wp-json\/wp\/v2\/posts\/10126"}],"collection":[{"href":"https:\/\/enlamira.info\/index.php\/wp-json\/wp\/v2\/posts"}],"about":[{"href":"https:\/\/enlamira.info\/index.php\/wp-json\/wp\/v2\/types\/post"}],"author":[{"embeddable":true,"href":"https:\/\/enlamira.info\/index.php\/wp-json\/wp\/v2\/users\/2"}],"replies":[{"embeddable":true,"href":"https:\/\/enlamira.info\/index.php\/wp-json\/wp\/v2\/comments?post=10126"}],"version-history":[{"count":1,"href":"https:\/\/enlamira.info\/index.php\/wp-json\/wp\/v2\/posts\/10126\/revisions"}],"predecessor-version":[{"id":10127,"href":"https:\/\/enlamira.info\/index.php\/wp-json\/wp\/v2\/posts\/10126\/revisions\/10127"}],"wp:featuredmedia":[{"embeddable":true,"href":"https:\/\/enlamira.info\/index.php\/wp-json\/wp\/v2\/media\/10128"}],"wp:attachment":[{"href":"https:\/\/enlamira.info\/index.php\/wp-json\/wp\/v2\/media?parent=10126"}],"wp:term":[{"taxonomy":"category","embeddable":true,"href":"https:\/\/enlamira.info\/index.php\/wp-json\/wp\/v2\/categories?post=10126"},{"taxonomy":"post_tag","embeddable":true,"href":"https:\/\/enlamira.info\/index.php\/wp-json\/wp\/v2\/tags?post=10126"}],"curies":[{"name":"wp","href":"https:\/\/api.w.org\/{rel}","templated":true}]}}