{"id":10120,"date":"2024-08-21T19:32:59","date_gmt":"2024-08-21T22:32:59","guid":{"rendered":"https:\/\/enlamira.info\/?p=10120"},"modified":"2024-08-21T19:40:21","modified_gmt":"2024-08-21T22:40:21","slug":"ariel-lijo-defendio-su-candidatura-a-la-corte-el-ejecutivo-cometio-un-error-respecto-a-la-cuestion-de-genero","status":"publish","type":"post","link":"https:\/\/enlamira.info\/index.php\/2024\/08\/21\/ariel-lijo-defendio-su-candidatura-a-la-corte-el-ejecutivo-cometio-un-error-respecto-a-la-cuestion-de-genero\/","title":{"rendered":"Ariel Lijo defendi\u00f3 su candidatura a la Corte: \u201cEl Ejecutivo cometi\u00f3 un error respecto a la cuesti\u00f3n de g\u00e9nero\u201d"},"content":{"rendered":"\n<p>El magistrado dijo que es necesario que se incluyan mujeres en el tribunal supremo y que se compromete a apoyar esa instancia en medio del tratamiento del pliego para ser designado cortesano.<\/p>\n\n\n\n<p>Mientras se ampl\u00eda el debate por parte de los senadores la juez federal\u00a0Ariel Lijo, que fue propuesto por el presidente\u00a0Javier Milei\u00a0para integrar el quinto espacio en la\u00a0Corte Suprema de Justicia, que qued\u00f3 vacante desde el 2021 con el retiro de\u00a0Elena Highton de Nolasco,\u00a0el magistrado se refiri\u00f3 a la falta de mujeres dentro del tribunal.<\/p>\n\n\n\n<p>\u201cSi me pregunta si la Corte tiene que estar conformada por mujeres, la respuesta es que s\u00ed\u201d, le dijo el juez a la senadora de la\u00a0UCR, Carolina Losada\u00a0que lo consult\u00f3 sobre el tema de la falta de inclusi\u00f3n de genero dentro de m\u00e1ximo tribunal del pa\u00eds.<\/p>\n\n\n\n<p>La propuesta de Lijo por parte del Gobierno fue muy cuestionada en cuanto a cuestiones de paridad de g\u00e9nero. De hecho, el propio ministro de Justicia,\u00a0Mariano C\u00faneo Libarona, hab\u00eda acercado los pliegos de varias magistradas con capacidad para ocupar tan alto cargo y fueron rechazados por los hermanos Milei.<\/p>\n\n\n\n<p>En otro tramo de la ronda de respuestas, Lijo sostuvo: \u201cRechazo m\u00ed supuesta falta de idoneidad moral\u201d, ante las sucesivas cr\u00edticas por parte de los senadores y del arco pol\u00edtico y judicial que sostienen que el magistrado no es la mejor opci\u00f3n para ocupar al Corte.<\/p>\n\n\n\n<p>A partir de las 14:30 horas se dict\u00f3 cuarto intermedio en la audiencia que trata el pliego de Lijo, por lo que se interrumpir\u00e1 la ronda de preguntas a la que se somete al juez federal en la\u00a0<strong>Comisi\u00f3n de Acuerdos<\/strong>\u00a0de la C\u00e1mara alta.<\/p>\n\n\n\n<h3 class=\"wp-block-heading\">Ariel Lijo: \u201cLa Corte Suprema es el m\u00e1ximo desaf\u00edo al que puede aspirar un abogado\u201d<\/h3>\n\n\n\n<p>En su exposici\u00f3n ante la Comisi\u00f3n de Acuerdos del Senado, el magistrado destac\u00f3 la importancia del Tribunal y agradeci\u00f3 al presidente Javier Milei por su nominaci\u00f3n, subrayando que es el mayor desaf\u00edo en la carrera de un abogado.<\/p>\n\n\n\n<p>Luego, el abogado hizo hincapi\u00e9 en la diversidad de perfiles dentro de la actual Corte Suprema, afirmando que su experiencia como juez en el Poder Judicial le permitir\u00eda aportar una perspectiva \u00fanica. \u201cEs un honor, una responsabilidad enorme y el m\u00e1ximo desaf\u00edo al que puede aspirar un abogado o miembro del Poder Judicial\u201d, declar\u00f3 el magistrado.<\/p>\n\n\n\n<p><strong>Lijo<\/strong>&nbsp;tambi\u00e9n subray\u00f3 la necesidad de dinamizar el proceso judicial en la Corte y de reducir el alto nivel de litigiosidad que actualmente enfrenta. \u201cHay que dinamizar el proceso de producci\u00f3n de sentencias, y bajar el nivel de litigiosidad que llega a la Corte; no es viable el nivel de litigiosidad con el que convive la Corte\u201d, afirm\u00f3.<\/p>\n\n\n\n<p>En cuanto a su visi\u00f3n sobre el federalismo, Lijo destac\u00f3 la importancia de respetar la autonom\u00eda de las provincias y la gesti\u00f3n de sus recursos y pol\u00edticas. \u201cEl federalismo es una realidad que implica respetar la autonom\u00eda de las provincias, la gesti\u00f3n de sus recursos, de sus pol\u00edticas de desarrollo, es saber que detr\u00e1s de cada decisi\u00f3n hay realidades que tienen que ver con las experiencias humanas\u201d, expres\u00f3.<\/p>\n\n\n\n<p>Durante su intervenci\u00f3n, el juez tambi\u00e9n abord\u00f3 la necesidad de una actuaci\u00f3n mesurada del Poder Judicial en cuestiones de inconstitucionalidad y destac\u00f3 la importancia de no interferir en los procesos de toma de decisiones del Congreso. \u201cEs de gravedad institucional la declaraci\u00f3n de inconstitucionalidad de una norma, la intervenci\u00f3n del Poder Judicial debe ser restrictiva, no interferir en el proceso de toma de decisiones, en especial del Congreso\u201d, sostuvo.<\/p>\n\n\n\n<figure class=\"wp-block-embed is-type-video is-provider-youtube wp-block-embed-youtube wp-embed-aspect-16-9 wp-has-aspect-ratio\"><div class=\"wp-block-embed__wrapper\">\n<iframe loading=\"lazy\" title=\"AUDIENCIA P\u00daBLICA:  ARIEL LIJO  21-08-24 PARTE 1 DE 2\" width=\"640\" height=\"360\" src=\"https:\/\/www.youtube.com\/embed\/hTkO0XncqVk?feature=oembed\" frameborder=\"0\" allow=\"accelerometer; autoplay; clipboard-write; encrypted-media; gyroscope; picture-in-picture; web-share\" referrerpolicy=\"strict-origin-when-cross-origin\" allowfullscreen><\/iframe>\n<\/div><\/figure>\n\n\n\n<h3 class=\"wp-block-heading\">Paoltroni le exigi\u00f3 a Milei retirar la postulaci\u00f3n de Lijo<\/h3>\n\n\n\n<p>El senador libertario\u00a0Francisco Paoltroni\u00a0critic\u00f3 duramente al\u00a0juez federal\u00a0Ariel Lijo\u00a0y pidi\u00f3 al presidente Javier Milei retirar su pliego para la Corte Suprema,\u00a0cuestionando tambi\u00e9n\u00a0al asesor presidencial\u00a0Santiago Caputo.<\/p>\n\n\n\n<p>El senador nacional por La Libertad Avanza intensific\u00f3 sus cr\u00edticas hacia el juez federal Ariel Lijo, quien fue propuesto para integrar la Corte Suprema de Justicia. En un encendido discurso previo a la audiencia p\u00fablica en el Senado,\u00a0Paoltroni\u00a0exigi\u00f3 al presidente Javier Milei que retire el pliego de Lijo, argumentando que su nominaci\u00f3n no cumple con las promesas de cambio profundo en la justicia que el gobierno hab\u00eda planteado.<\/p>\n\n\n\n<p>\u201cEl Presidente manda una propuesta a trav\u00e9s del pliego de Ariel Lijo, y hoy la responsabilidad es absolutamente de los senadores. Es indelegable y cada uno tiene que fundamentar por qu\u00e9 acompa\u00f1a o por qu\u00e9 no acompa\u00f1a\u201d, afirm\u00f3 Paoltroni, subrayando la importancia de que cada legislador asuma su responsabilidad en esta decisi\u00f3n.<\/p>\n\n\n\n<p>El senador tambi\u00e9n dirigi\u00f3 sus cr\u00edticas al asesor presidencial Santiago Caputo, a quien acus\u00f3 de perjudicar al gobierno y al presidente Milei al promover a un juez que, seg\u00fan \u00e9l, es uno de los m\u00e1s cuestionados de la historia judicial argentina. \u201cSantiago Caputo le est\u00e1 haciendo much\u00edsimo da\u00f1o al Gobierno y, sobre todo, a nuestro Presidente, perdiendo credibilidad y confianza en las ideas que nos trajeron al gobierno, que fueron hacer una Argentina distinta\u201d, sostuvo.<\/p>\n\n\n\n<p>Paoltroni expres\u00f3 su preocupaci\u00f3n por el mensaje que la nominaci\u00f3n de Lijo enviar\u00eda al sistema judicial y a los funcionarios que se esfuerzan por ser los mejores en su campo. \u201cLas propuestas en cuanto a la Justicia eran traer jueces profesionales o los mejores acad\u00e9micos. \u00bfQu\u00e9 mensaje le estamos dando a la justicia? \u00bfQu\u00e9 mensaje le estamos dando a todos esos funcionarios que est\u00e1n haciendo carrera esmer\u00e1ndose por ser los mejores? Cuando traemos al juez m\u00e1s cuestionado de la historia\u201d, agreg\u00f3.<\/p>\n\n\n\n<h3 class=\"wp-block-heading\">Comenz\u00f3 la exposici\u00f3n del magistrado<\/h3>\n\n\n\n<p>La exposici\u00f3n de&nbsp;<strong>Ariel Lijo<\/strong>&nbsp;ante la Comisi\u00f3n de Acuerdos del Senado comenz\u00f3 con un ambiente tenso, marcado por las declaraciones de Paoltroni. La comisi\u00f3n, integrada por 17 legisladores, deber\u00e1 evaluar la idoneidad del magistrado para ocupar un puesto en la Corte Suprema. Sin embargo, la situaci\u00f3n se complica debido a que la aprobaci\u00f3n del pliego en el recinto requerir\u00e1 una mayor\u00eda calificada de dos tercios, un desaf\u00edo que el oficialismo de La Libertad Avanza solo podr\u00e1 superar con un acuerdo pol\u00edtico con Uni\u00f3n por la Patria.<\/p>\n\n\n\n<p>La audiencia y el posterior dictamen de la comisi\u00f3n se espera que se realicen despu\u00e9s del 28 de agosto, cuando tambi\u00e9n se evaluar\u00e1 al otro candidato a la Corte, Manuel Garc\u00eda Mansilla. La tensi\u00f3n pol\u00edtica en torno a estas nominaciones refleja la complejidad de lograr consensos en un Senado donde las alianzas son cruciales para cualquier avance legislativo.<\/p>\n","protected":false},"excerpt":{"rendered":"<p>El magistrado dijo que es necesario que se incluyan mujeres en el tribunal supremo y que se compromete a apoyar esa instancia en medio del tratamiento del pliego para ser designado cortesano. Mientras se ampl\u00eda el debate por parte de los senadores la juez federal\u00a0Ariel Lijo, que fue propuesto por el presidente\u00a0Javier Milei\u00a0para integrar el [&hellip;]<\/p>\n","protected":false},"author":2,"featured_media":10122,"comment_status":"open","ping_status":"open","sticky":false,"template":"","format":"standard","meta":{"footnotes":""},"categories":[20],"tags":[],"_links":{"self":[{"href":"https:\/\/enlamira.info\/index.php\/wp-json\/wp\/v2\/posts\/10120"}],"collection":[{"href":"https:\/\/enlamira.info\/index.php\/wp-json\/wp\/v2\/posts"}],"about":[{"href":"https:\/\/enlamira.info\/index.php\/wp-json\/wp\/v2\/types\/post"}],"author":[{"embeddable":true,"href":"https:\/\/enlamira.info\/index.php\/wp-json\/wp\/v2\/users\/2"}],"replies":[{"embeddable":true,"href":"https:\/\/enlamira.info\/index.php\/wp-json\/wp\/v2\/comments?post=10120"}],"version-history":[{"count":1,"href":"https:\/\/enlamira.info\/index.php\/wp-json\/wp\/v2\/posts\/10120\/revisions"}],"predecessor-version":[{"id":10121,"href":"https:\/\/enlamira.info\/index.php\/wp-json\/wp\/v2\/posts\/10120\/revisions\/10121"}],"wp:featuredmedia":[{"embeddable":true,"href":"https:\/\/enlamira.info\/index.php\/wp-json\/wp\/v2\/media\/10122"}],"wp:attachment":[{"href":"https:\/\/enlamira.info\/index.php\/wp-json\/wp\/v2\/media?parent=10120"}],"wp:term":[{"taxonomy":"category","embeddable":true,"href":"https:\/\/enlamira.info\/index.php\/wp-json\/wp\/v2\/categories?post=10120"},{"taxonomy":"post_tag","embeddable":true,"href":"https:\/\/enlamira.info\/index.php\/wp-json\/wp\/v2\/tags?post=10120"}],"curies":[{"name":"wp","href":"https:\/\/api.w.org\/{rel}","templated":true}]}}