{"id":10088,"date":"2024-08-20T19:16:31","date_gmt":"2024-08-20T22:16:31","guid":{"rendered":"https:\/\/enlamira.info\/?p=10088"},"modified":"2024-08-20T19:23:43","modified_gmt":"2024-08-20T22:23:43","slug":"victoria-villarruel-critico-a-ariel-lijo-no-tiene-los-pergaminos-para-ser-juez-de-la-corte-suprema","status":"publish","type":"post","link":"https:\/\/enlamira.info\/index.php\/2024\/08\/20\/victoria-villarruel-critico-a-ariel-lijo-no-tiene-los-pergaminos-para-ser-juez-de-la-corte-suprema\/","title":{"rendered":"Victoria Villarruel critic\u00f3 a Ariel Lijo: \u201cNo tiene los pergaminos para ser juez de la Corte Suprema\u201d"},"content":{"rendered":"\n<p>La titular del Senado cuestion\u00f3 al magistrado propuesto por Javier Milei y tensa la relaci\u00f3n con el Presidente en medio del malestar por el aumento en las dietas de los legisladores.<\/p>\n\n\n\n<p>En medio de la crisis interna que atraviesa el Gobierno, con\u00a0 la pelea entre el presidente\u00a0Javier Milei\u00a0y su vice\u00a0Victoria Villarruel, la titular del\u00a0Senado\u00a0critic\u00f3 duramente al juez propuesto por el libertario como candidato a la\u00a0Corte Suprema de Justicia, Ariel Lijo\u00a0y elev\u00f3 la tensi\u00f3n.<\/p>\n\n\n\n<p>\u201cMi opini\u00f3n respecto de Lijo es p\u00fablica. La he expresado.\u00a0No estoy de acuerdo con la candidatura. Por razones pr\u00e1cticas, est\u00e1 remplazando a una mujer.\u00a0Es\u00a0un juez\u00a0que ha lesionado mucho los v\u00ednculos a ra\u00edz de su candidatura, entre aquellos que est\u00e1n a favor o en contra\u201d, dispar\u00f3 la vicepresidenta tan solo 24 horas antes de que el magistrado se presente en la C\u00e1mara alta para defender su pliego.<\/p>\n\n\n\n<p>En esa l\u00ednea, Villarruel agreg\u00f3: \u201cEs un juez que no contar\u00eda con los pergaminos necesarios para ser juez de la Corte Suprema de la Naci\u00f3n. Es una de las garant\u00edas de seguridad jur\u00eddica.\u00a0No ha sido la mejor elecci\u00f3n. Ha sido una candidatura que es controversial. Hubi\u00e9ramos querido tener un candidato s\u00f3lido y que nos represente y con la mejor sabidur\u00eda y rectitud posible. No creo que sea el caso\u201d.<\/p>\n\n\n\n<p>Los dichos de la segunda al mando del\u00a0Gobierno libertario\u00a0se dieron en el marco de su participaci\u00f3n en un almuerzo en el\u00a0Colegio de Abogados de la Ciudad de Buenos Aires,\u00a0del cual es socia y en donde expres\u00f3 su opini\u00f3n acerca de la propuesta de Lijo para ocupar el quinto espacio dentro del tribunal supremo, tras el retiro de la cortesana\u00a0Elena Highton de Nolasco\u00a0en 2021.<\/p>\n\n\n\n<p>Si bien, la vicepresidenta ya hab\u00eda dejado claro, en marzo, su rechazo a la nominaci\u00f3n de Lijo como candidato a integrar la Corte, estas nuevas cr\u00edticas se dan en el contexto de una fuerte pelea con los hermanos Milei, que se hizo m\u00e1s evidente con la falta de invitaci\u00f3n al acto con las\u00a0Fuerzas Armadas\u00a0(FF.AA) del pasado 17 de agosto, arco en el que Villarruel tiene su n\u00facleo de apoyo.<\/p>\n\n\n\n<p>El tono del malestar fue escalando en las \u00faltimas horas, con el aumento en las dietas de los senadores que se elev\u00f3 por encima de los 9 millones de pesos y que el propio Presidente\u00a0cuestion\u00f3 en redes sociales,\u00a0as\u00ed como tambi\u00e9n, su vocero\u00a0Manuel Adorni,\u00a0culp\u00f3 a la titular de la C\u00e1mara alta de no evitar el escandalo a tiempo.<\/p>\n","protected":false},"excerpt":{"rendered":"<p>La titular del Senado cuestion\u00f3 al magistrado propuesto por Javier Milei y tensa la relaci\u00f3n con el Presidente en medio del malestar por el aumento en las dietas de los legisladores. En medio de la crisis interna que atraviesa el Gobierno, con\u00a0 la pelea entre el presidente\u00a0Javier Milei\u00a0y su vice\u00a0Victoria Villarruel, la titular del\u00a0Senado\u00a0critic\u00f3 duramente [&hellip;]<\/p>\n","protected":false},"author":2,"featured_media":10090,"comment_status":"open","ping_status":"open","sticky":false,"template":"","format":"standard","meta":{"footnotes":""},"categories":[20],"tags":[],"_links":{"self":[{"href":"https:\/\/enlamira.info\/index.php\/wp-json\/wp\/v2\/posts\/10088"}],"collection":[{"href":"https:\/\/enlamira.info\/index.php\/wp-json\/wp\/v2\/posts"}],"about":[{"href":"https:\/\/enlamira.info\/index.php\/wp-json\/wp\/v2\/types\/post"}],"author":[{"embeddable":true,"href":"https:\/\/enlamira.info\/index.php\/wp-json\/wp\/v2\/users\/2"}],"replies":[{"embeddable":true,"href":"https:\/\/enlamira.info\/index.php\/wp-json\/wp\/v2\/comments?post=10088"}],"version-history":[{"count":1,"href":"https:\/\/enlamira.info\/index.php\/wp-json\/wp\/v2\/posts\/10088\/revisions"}],"predecessor-version":[{"id":10089,"href":"https:\/\/enlamira.info\/index.php\/wp-json\/wp\/v2\/posts\/10088\/revisions\/10089"}],"wp:featuredmedia":[{"embeddable":true,"href":"https:\/\/enlamira.info\/index.php\/wp-json\/wp\/v2\/media\/10090"}],"wp:attachment":[{"href":"https:\/\/enlamira.info\/index.php\/wp-json\/wp\/v2\/media?parent=10088"}],"wp:term":[{"taxonomy":"category","embeddable":true,"href":"https:\/\/enlamira.info\/index.php\/wp-json\/wp\/v2\/categories?post=10088"},{"taxonomy":"post_tag","embeddable":true,"href":"https:\/\/enlamira.info\/index.php\/wp-json\/wp\/v2\/tags?post=10088"}],"curies":[{"name":"wp","href":"https:\/\/api.w.org\/{rel}","templated":true}]}}