{"id":1005,"date":"2024-03-13T11:36:56","date_gmt":"2024-03-13T14:36:56","guid":{"rendered":"https:\/\/enlamira.info\/?p=1005"},"modified":"2024-03-13T11:55:17","modified_gmt":"2024-03-13T14:55:17","slug":"el-comunicado-de-los-gobernadores-frente-al-narcotrafico-decide-el-estado-y-la-sociedad-o-deciden-las-mafias","status":"publish","type":"post","link":"https:\/\/enlamira.info\/index.php\/2024\/03\/13\/el-comunicado-de-los-gobernadores-frente-al-narcotrafico-decide-el-estado-y-la-sociedad-o-deciden-las-mafias\/","title":{"rendered":"El comunicado de los gobernadores frente al narcotr\u00e1fico: \u201cDecide el Estado y la sociedad o deciden las mafias\u201d"},"content":{"rendered":"\n<p>A ra\u00edz de la escalada de la ola de violencia en Rosario, los gobernadores de la Argentina emitieron un comunicado en el que aseguran que se \u201crequiere decisiones a la altura de lo que est\u00e1 en juego\u201d.<\/p>\n\n\n\n<p>Frente a la\u00a0violencia y asesinatos que golpean a la ciudad de Rosario, Santa Fe, en los \u00faltimos d\u00edas, los\u00a0gobernadores de la Argentina\u00a0se juntaron\u00a0para redactar un comunicado en el que advierten que\u00a0el problema del narcotr\u00e1fico es federal.<\/p>\n\n\n\n<p>\u201cEl narcotr\u00e1fico es un problema federal, no porque no corresponda a una jurisdicci\u00f3n provincial sino porque es un problema de todos\u201c, arranca el escrito.<\/p>\n\n\n\n<p>En ese sentido, destaca que \u201cen mayor o en menor medida, la Naci\u00f3n en su conjunto est\u00e1 afectada por este fen\u00f3meno que\u00a0est\u00e1 mostrando en Rosario su faceta de violencia y terrorismo y que no reconoce de l\u00edmites ni fronteras, constituy\u00e9ndose en una problem\u00e1tica que -con distintas formas- afecta a todas las jurisdicciones\u201d.<\/p>\n\n\n\n<p>Firmado por los 24 gobernadores y el jefe de Gobierno porte\u00f1o, el texto plantea: \u201cLa gravedad y complejidad de lo que sucede\u00a0requiere decisiones a la altura de lo que est\u00e1 en juego, que es la disputa por parte de nuestra soberan\u00eda:\u00a0decide el Estado y la sociedad o deciden las mafias\u201c.<\/p>\n\n\n\n<p>\u201cApoyamos las acciones destinadas a fortalecer\u00a0tanto la operatividad de las fuerzas de seguridad como la persecuci\u00f3n penal del narcotr\u00e1fico y el terrorismo que vienen llevando adelante los gobiernos provincial y nacional\u201d, afirman en el texto dado a conocer por<em>\u00a0La Naci\u00f3n<\/em>.<\/p>\n\n\n\n<p>En apoyo a la situaci\u00f3n que atraviesa la provincia, el texto termina con la frase:\u00a0\u201cTodos somos Santa Fe\u201d.<\/p>\n\n\n\n<figure class=\"wp-block-image size-full\"><img loading=\"lazy\" decoding=\"async\" width=\"450\" height=\"425\" src=\"https:\/\/enlamira.info\/wp-content\/uploads\/2024\/03\/image-11.png\" alt=\"\" class=\"wp-image-1006\" srcset=\"https:\/\/enlamira.info\/wp-content\/uploads\/2024\/03\/image-11.png 450w, https:\/\/enlamira.info\/wp-content\/uploads\/2024\/03\/image-11-300x283.png 300w\" sizes=\"(max-width: 450px) 100vw, 450px\" \/><\/figure>\n\n\n\n<h3 class=\"wp-block-heading\">El listado de los firmantes:<\/h3>\n\n\n\n<ul>\n<li>Alfredo Cornejo (Mendoza)<\/li>\n\n\n\n<li>Rolando Figueroa (Neuqu\u00e9n)<\/li>\n\n\n\n<li>Rogelio Frigerio (Entre R\u00edos)<\/li>\n\n\n\n<li>Gildo Insfr\u00e1n (Formosa)<\/li>\n\n\n\n<li>Osvaldo Jaldo (Tucum\u00e1n)<\/li>\n\n\n\n<li>Ra\u00fal Jalil (Catamarca)<\/li>\n\n\n\n<li>Axel Kicillof (Buenos Aires)<\/li>\n\n\n\n<li>Mart\u00edn Llaryora (C\u00f3rdoba)<\/li>\n\n\n\n<li>Jorge Macri (Ciudad Aut\u00f3noma de Buenos Aires)<\/li>\n\n\n\n<li>Gustavo Melella (Tierra del Fuego)<\/li>\n\n\n\n<li>Marcelo Orrego (San Juan)<\/li>\n\n\n\n<li>Hugo Passalacqua (Misiones)<\/li>\n\n\n\n<li>Maximiliano Pullaro (Santa Fe)<\/li>\n\n\n\n<li>Claudio Poggi (San Luis)<\/li>\n\n\n\n<li>Ricardo Qu\u00edntela (La Rioja)<\/li>\n\n\n\n<li>Carlos Sadir (Jujuy)<\/li>\n\n\n\n<li>Gustavo S\u00e1enz (Salta)<\/li>\n\n\n\n<li>Ignacio Torres (Chubut)<\/li>\n\n\n\n<li>Gustavo Vald\u00e9s (Corrientes)<\/li>\n\n\n\n<li>Claudio Vidal (Santa Cruz)<\/li>\n\n\n\n<li>Alberto Weretilneck (Rio Negro)<\/li>\n\n\n\n<li>Gerardo Zamora (Santiago del Estero)<\/li>\n\n\n\n<li>Leandro Zdero (Chaco)<\/li>\n\n\n\n<li>Sergio Ziliotto (La Pampa)<\/li>\n<\/ul>\n","protected":false},"excerpt":{"rendered":"<p>A ra\u00edz de la escalada de la ola de violencia en Rosario, los gobernadores de la Argentina emitieron un comunicado en el que aseguran que se \u201crequiere decisiones a la altura de lo que est\u00e1 en juego\u201d. Frente a la\u00a0violencia y asesinatos que golpean a la ciudad de Rosario, Santa Fe, en los \u00faltimos d\u00edas, [&hellip;]<\/p>\n","protected":false},"author":2,"featured_media":1009,"comment_status":"open","ping_status":"open","sticky":false,"template":"","format":"standard","meta":{"footnotes":""},"categories":[4],"tags":[],"_links":{"self":[{"href":"https:\/\/enlamira.info\/index.php\/wp-json\/wp\/v2\/posts\/1005"}],"collection":[{"href":"https:\/\/enlamira.info\/index.php\/wp-json\/wp\/v2\/posts"}],"about":[{"href":"https:\/\/enlamira.info\/index.php\/wp-json\/wp\/v2\/types\/post"}],"author":[{"embeddable":true,"href":"https:\/\/enlamira.info\/index.php\/wp-json\/wp\/v2\/users\/2"}],"replies":[{"embeddable":true,"href":"https:\/\/enlamira.info\/index.php\/wp-json\/wp\/v2\/comments?post=1005"}],"version-history":[{"count":1,"href":"https:\/\/enlamira.info\/index.php\/wp-json\/wp\/v2\/posts\/1005\/revisions"}],"predecessor-version":[{"id":1007,"href":"https:\/\/enlamira.info\/index.php\/wp-json\/wp\/v2\/posts\/1005\/revisions\/1007"}],"wp:featuredmedia":[{"embeddable":true,"href":"https:\/\/enlamira.info\/index.php\/wp-json\/wp\/v2\/media\/1009"}],"wp:attachment":[{"href":"https:\/\/enlamira.info\/index.php\/wp-json\/wp\/v2\/media?parent=1005"}],"wp:term":[{"taxonomy":"category","embeddable":true,"href":"https:\/\/enlamira.info\/index.php\/wp-json\/wp\/v2\/categories?post=1005"},{"taxonomy":"post_tag","embeddable":true,"href":"https:\/\/enlamira.info\/index.php\/wp-json\/wp\/v2\/tags?post=1005"}],"curies":[{"name":"wp","href":"https:\/\/api.w.org\/{rel}","templated":true}]}}